{"id":973,"date":"2019-03-18T16:03:43","date_gmt":"2019-03-18T15:03:43","guid":{"rendered":"https:\/\/blog.insuit.net\/es\/?p=973"},"modified":"2022-10-27T13:20:18","modified_gmt":"2022-10-27T11:20:18","slug":"renovacion-convenio-apca-fundacion-reina-sofia","status":"publish","type":"post","link":"https:\/\/www.insuit.net\/es\/renovacion-convenio-apca-fundacion-reina-sofia\/","title":{"rendered":"Renovaci\u00f3n de convenio con APCA y Fundaci\u00f3n Reina Sof\u00eda"},"content":{"rendered":"<p><span style=\"font-weight: 400;\"><img decoding=\"async\" class=\" wp-image-3089 alignleft\" src=\"https:\/\/www.insuit.net\/wp-content\/uploads\/2020\/05\/Logo-APCA_3-150x150-1.png\" alt=\"\" width=\"150\" height=\"150\" \/>inSuit renueva su convenio de colaboraci\u00f3n con la <\/span><b>Fundaci\u00f3n Reina Sof\u00eda <\/b><span style=\"font-weight: 400;\">y con la \u00a0<\/span><b>Asociaci\u00f3n de Paral\u00edticos Cerebrales de Alicante.<\/b><\/p>\n<p><span style=\"font-weight: 400;\">La <\/span><a href=\"http:\/\/www.fundacionreinasofia.es\" target=\"_blank\" rel=\"noopener noreferrer\"><b>Fundaci\u00f3n Reina Sof\u00eda<\/b><\/a> <span style=\"font-weight: 400;\">siguiendo su l\u00ednea de ayudar <\/span><span style=\"font-weight: 400;\">y desarrollar las <\/span><b>necesidades de todos los ciudadanos <\/b><span style=\"font-weight: 400;\">y su plena integraci\u00f3n, ha renovado su convenio con inSuit, manteniendo <\/span><span style=\"font-weight: 400;\">accesible su web para personas con discapacidad y de avanzada edad.<\/span><\/p>\n<p><span style=\"font-weight: 400;\">Los objetivos de la Fundaci\u00f3n Reina Sof\u00eda son la <\/span><b>promoci\u00f3n, ayuda y desarrollo de las necesidades<\/b><span style=\"font-weight: 400;\">, tanto f\u00edsicas como espirituales, de <\/span><b>toda clase de hombres y mujeres<\/b><span style=\"font-weight: 400;\">, y su m\u00e1s plena integraci\u00f3n en la comunidad social, estimulando y defendiendo los derechos y aspiraciones leg\u00edtimas de los ciudadanos. La incorporaci\u00f3n de inSuit al portal de la Fundaci\u00f3n contribuye a este objetivo al hacerlo <\/span><b>accesible y usable para todas las personas<\/b><span style=\"font-weight: 400;\">, independientemente de sus necesidades y preferencias.<\/span><\/p>\n<p><span style=\"font-weight: 400;\">La <\/span><a href=\"https:\/\/www.apcalicante.com\/\" target=\"_blank\" rel=\"noopener noreferrer\"><b>Asociaci\u00f3n de Paral\u00edticos Cerebrales de Alicante (APCA)<\/b><\/a><span style=\"font-weight: 400;\"> tambi\u00e9n ha renovado su convenio con inSuit. Se trata de una asociaci\u00f3n sin \u00e1nimo de lucro, cuyo objetivo es mejorar la <\/span><b>calidad de vida de las personas con par\u00e1lisis cerebral<\/b><span style=\"font-weight: 400;\"> y discapacidades afines, a trav\u00e9s de una atenci\u00f3n integral y especializada.<\/span><\/p>\n<p><span style=\"font-weight: 400;\">Con la renovaci\u00f3n del convenio, la asociaci\u00f3n mantiene la confianza en los <\/span><b>beneficios que aporta la herramienta inSuit<\/b><span style=\"font-weight: 400;\"> al colectivo de personas con discapacidad y de avanzada edad, garantizando as\u00ed el acceso a los servicios y contenidos de la web en igualdad de condiciones.<\/span><\/p>\n","protected":false},"excerpt":{"rendered":"<p>inSuit renueva su convenio de colaboraci\u00f3n con la Fundaci\u00f3n Reina Sof\u00eda y con la \u00a0Asociaci\u00f3n de Paral\u00edticos Cerebrales de Alicante. La Fundaci\u00f3n Reina Sof\u00eda siguiendo su l\u00ednea de ayudar y desarrollar las necesidades de todos los ciudadanos y su plena integraci\u00f3n, ha renovado su convenio con inSuit, manteniendo accesible su web para personas con discapacidad [&hellip;]<\/p>\n","protected":false},"author":4,"featured_media":2536,"comment_status":"closed","ping_status":"open","sticky":false,"template":"","format":"standard","meta":{"_acf_changed":false,"content-type":"","footnotes":""},"categories":[30],"tags":[],"class_list":["post-973","post","type-post","status-publish","format-standard","has-post-thumbnail","hentry","category-noticias-es"],"acf":[],"yoast_head":"<!-- This site is optimized with the Yoast SEO Premium plugin v26.1 (Yoast SEO v27.4) - https:\/\/yoast.com\/product\/yoast-seo-premium-wordpress\/ -->\n<title>Renovaci\u00f3n de convenio con APCA y Fundaci\u00f3n Reina Sof\u00eda - inSuit<\/title>\n<meta name=\"robots\" content=\"index, follow, max-snippet:-1, max-image-preview:large, max-video-preview:-1\" \/>\n<link rel=\"canonical\" href=\"https:\/\/www.insuit.net\/es\/renovacion-convenio-apca-fundacion-reina-sofia\/\" \/>\n<meta property=\"og:locale\" content=\"es_ES\" \/>\n<meta property=\"og:type\" content=\"article\" \/>\n<meta property=\"og:title\" content=\"Renovaci\u00f3n de convenio con APCA y Fundaci\u00f3n Reina Sof\u00eda\" \/>\n<meta property=\"og:description\" content=\"inSuit renueva su convenio de colaboraci\u00f3n con la Fundaci\u00f3n Reina Sof\u00eda y con la \u00a0Asociaci\u00f3n de Paral\u00edticos Cerebrales de Alicante. La Fundaci\u00f3n Reina Sof\u00eda siguiendo su l\u00ednea de ayudar y desarrollar las necesidades de todos los ciudadanos y su plena integraci\u00f3n, ha renovado su convenio con inSuit, manteniendo accesible su web para personas con discapacidad [&hellip;]\" \/>\n<meta property=\"og:url\" content=\"https:\/\/www.insuit.net\/es\/renovacion-convenio-apca-fundacion-reina-sofia\/\" \/>\n<meta property=\"og:site_name\" content=\"inSuit\" \/>\n<meta property=\"article:published_time\" content=\"2019-03-18T15:03:43+00:00\" \/>\n<meta property=\"article:modified_time\" content=\"2022-10-27T11:20:18+00:00\" \/>\n<meta property=\"og:image\" content=\"https:\/\/www.insuit.net\/wp-content\/uploads\/2019\/03\/Fundacion_Reina_Sofia-1-e1586093703993.png\" \/>\n\t<meta property=\"og:image:width\" content=\"904\" \/>\n\t<meta property=\"og:image:height\" content=\"806\" \/>\n\t<meta property=\"og:image:type\" content=\"image\/png\" \/>\n<meta name=\"author\" content=\"inSuit\" \/>\n<meta name=\"twitter:card\" content=\"summary_large_image\" \/>\n<meta name=\"twitter:label1\" content=\"Escrito por\" \/>\n\t<meta name=\"twitter:data1\" content=\"inSuit\" \/>\n\t<meta name=\"twitter:label2\" content=\"Tiempo de lectura\" \/>\n\t<meta name=\"twitter:data2\" content=\"1 minuto\" \/>\n<script type=\"application\/ld+json\" class=\"yoast-schema-graph\">{\"@context\":\"https:\\\/\\\/schema.org\",\"@graph\":[{\"@type\":\"Article\",\"@id\":\"https:\\\/\\\/www.insuit.net\\\/es\\\/renovacion-convenio-apca-fundacion-reina-sofia\\\/#article\",\"isPartOf\":{\"@id\":\"https:\\\/\\\/www.insuit.net\\\/es\\\/renovacion-convenio-apca-fundacion-reina-sofia\\\/\"},\"author\":{\"name\":\"inSuit\",\"@id\":\"https:\\\/\\\/www.insuit.net\\\/es\\\/#\\\/schema\\\/person\\\/3b8435a385b08397ca93f8733d132477\"},\"headline\":\"Renovaci\u00f3n de convenio con APCA y Fundaci\u00f3n Reina Sof\u00eda\",\"datePublished\":\"2019-03-18T15:03:43+00:00\",\"dateModified\":\"2022-10-27T11:20:18+00:00\",\"mainEntityOfPage\":{\"@id\":\"https:\\\/\\\/www.insuit.net\\\/es\\\/renovacion-convenio-apca-fundacion-reina-sofia\\\/\"},\"wordCount\":266,\"image\":{\"@id\":\"https:\\\/\\\/www.insuit.net\\\/es\\\/renovacion-convenio-apca-fundacion-reina-sofia\\\/#primaryimage\"},\"thumbnailUrl\":\"https:\\\/\\\/www.insuit.net\\\/wp-content\\\/uploads\\\/2019\\\/03\\\/Fundacion_Reina_Sofia-1-e1586093703993.png\",\"articleSection\":[\"Noticias es\"],\"inLanguage\":\"es\"},{\"@type\":\"WebPage\",\"@id\":\"https:\\\/\\\/www.insuit.net\\\/es\\\/renovacion-convenio-apca-fundacion-reina-sofia\\\/\",\"url\":\"https:\\\/\\\/www.insuit.net\\\/es\\\/renovacion-convenio-apca-fundacion-reina-sofia\\\/\",\"name\":\"Renovaci\u00f3n de convenio con APCA y Fundaci\u00f3n Reina Sof\u00eda - inSuit\",\"isPartOf\":{\"@id\":\"https:\\\/\\\/www.insuit.net\\\/es\\\/#website\"},\"primaryImageOfPage\":{\"@id\":\"https:\\\/\\\/www.insuit.net\\\/es\\\/renovacion-convenio-apca-fundacion-reina-sofia\\\/#primaryimage\"},\"image\":{\"@id\":\"https:\\\/\\\/www.insuit.net\\\/es\\\/renovacion-convenio-apca-fundacion-reina-sofia\\\/#primaryimage\"},\"thumbnailUrl\":\"https:\\\/\\\/www.insuit.net\\\/wp-content\\\/uploads\\\/2019\\\/03\\\/Fundacion_Reina_Sofia-1-e1586093703993.png\",\"datePublished\":\"2019-03-18T15:03:43+00:00\",\"dateModified\":\"2022-10-27T11:20:18+00:00\",\"author\":{\"@id\":\"https:\\\/\\\/www.insuit.net\\\/es\\\/#\\\/schema\\\/person\\\/3b8435a385b08397ca93f8733d132477\"},\"breadcrumb\":{\"@id\":\"https:\\\/\\\/www.insuit.net\\\/es\\\/renovacion-convenio-apca-fundacion-reina-sofia\\\/#breadcrumb\"},\"inLanguage\":\"es\",\"potentialAction\":[{\"@type\":\"ReadAction\",\"target\":[\"https:\\\/\\\/www.insuit.net\\\/es\\\/renovacion-convenio-apca-fundacion-reina-sofia\\\/\"]}]},{\"@type\":\"ImageObject\",\"inLanguage\":\"es\",\"@id\":\"https:\\\/\\\/www.insuit.net\\\/es\\\/renovacion-convenio-apca-fundacion-reina-sofia\\\/#primaryimage\",\"url\":\"https:\\\/\\\/www.insuit.net\\\/wp-content\\\/uploads\\\/2019\\\/03\\\/Fundacion_Reina_Sofia-1-e1586093703993.png\",\"contentUrl\":\"https:\\\/\\\/www.insuit.net\\\/wp-content\\\/uploads\\\/2019\\\/03\\\/Fundacion_Reina_Sofia-1-e1586093703993.png\",\"width\":904,\"height\":806,\"caption\":\"logo fundaci\u00f3n reina sof\u00eda\"},{\"@type\":\"BreadcrumbList\",\"@id\":\"https:\\\/\\\/www.insuit.net\\\/es\\\/renovacion-convenio-apca-fundacion-reina-sofia\\\/#breadcrumb\",\"itemListElement\":[{\"@type\":\"ListItem\",\"position\":1,\"name\":\"Home\",\"item\":\"https:\\\/\\\/www.insuit.net\\\/es\\\/\"},{\"@type\":\"ListItem\",\"position\":2,\"name\":\"Renovaci\u00f3n de convenio con APCA y Fundaci\u00f3n Reina Sof\u00eda\"}]},{\"@type\":\"WebSite\",\"@id\":\"https:\\\/\\\/www.insuit.net\\\/es\\\/#website\",\"url\":\"https:\\\/\\\/www.insuit.net\\\/es\\\/\",\"name\":\"inSuit\",\"description\":\"Accesibilidad web para personas con discapacidad\",\"potentialAction\":[{\"@type\":\"SearchAction\",\"target\":{\"@type\":\"EntryPoint\",\"urlTemplate\":\"https:\\\/\\\/www.insuit.net\\\/es\\\/?s={search_term_string}\"},\"query-input\":{\"@type\":\"PropertyValueSpecification\",\"valueRequired\":true,\"valueName\":\"search_term_string\"}}],\"inLanguage\":\"es\"},{\"@type\":\"Person\",\"@id\":\"https:\\\/\\\/www.insuit.net\\\/es\\\/#\\\/schema\\\/person\\\/3b8435a385b08397ca93f8733d132477\",\"name\":\"inSuit\",\"image\":{\"@type\":\"ImageObject\",\"inLanguage\":\"es\",\"@id\":\"https:\\\/\\\/secure.gravatar.com\\\/avatar\\\/b731c7002353de0c18a2950e1b1f7152a3fc02185337e315c14a3df52e4106c7?s=96&d=mm&r=g\",\"url\":\"https:\\\/\\\/secure.gravatar.com\\\/avatar\\\/b731c7002353de0c18a2950e1b1f7152a3fc02185337e315c14a3df52e4106c7?s=96&d=mm&r=g\",\"contentUrl\":\"https:\\\/\\\/secure.gravatar.com\\\/avatar\\\/b731c7002353de0c18a2950e1b1f7152a3fc02185337e315c14a3df52e4106c7?s=96&d=mm&r=g\",\"caption\":\"inSuit\"},\"url\":\"https:\\\/\\\/www.insuit.net\\\/es\\\/author\\\/daas\\\/\"}]}<\/script>\n<!-- \/ Yoast SEO Premium plugin. -->","yoast_head_json":{"title":"Renovaci\u00f3n de convenio con APCA y Fundaci\u00f3n Reina Sof\u00eda - inSuit","robots":{"index":"index","follow":"follow","max-snippet":"max-snippet:-1","max-image-preview":"max-image-preview:large","max-video-preview":"max-video-preview:-1"},"canonical":"https:\/\/www.insuit.net\/es\/renovacion-convenio-apca-fundacion-reina-sofia\/","og_locale":"es_ES","og_type":"article","og_title":"Renovaci\u00f3n de convenio con APCA y Fundaci\u00f3n Reina Sof\u00eda","og_description":"inSuit renueva su convenio de colaboraci\u00f3n con la Fundaci\u00f3n Reina Sof\u00eda y con la \u00a0Asociaci\u00f3n de Paral\u00edticos Cerebrales de Alicante. La Fundaci\u00f3n Reina Sof\u00eda siguiendo su l\u00ednea de ayudar y desarrollar las necesidades de todos los ciudadanos y su plena integraci\u00f3n, ha renovado su convenio con inSuit, manteniendo accesible su web para personas con discapacidad [&hellip;]","og_url":"https:\/\/www.insuit.net\/es\/renovacion-convenio-apca-fundacion-reina-sofia\/","og_site_name":"inSuit","article_published_time":"2019-03-18T15:03:43+00:00","article_modified_time":"2022-10-27T11:20:18+00:00","og_image":[{"width":904,"height":806,"url":"https:\/\/www.insuit.net\/wp-content\/uploads\/2019\/03\/Fundacion_Reina_Sofia-1-e1586093703993.png","type":"image\/png"}],"author":"inSuit","twitter_card":"summary_large_image","twitter_misc":{"Escrito por":"inSuit","Tiempo de lectura":"1 minuto"},"schema":{"@context":"https:\/\/schema.org","@graph":[{"@type":"Article","@id":"https:\/\/www.insuit.net\/es\/renovacion-convenio-apca-fundacion-reina-sofia\/#article","isPartOf":{"@id":"https:\/\/www.insuit.net\/es\/renovacion-convenio-apca-fundacion-reina-sofia\/"},"author":{"name":"inSuit","@id":"https:\/\/www.insuit.net\/es\/#\/schema\/person\/3b8435a385b08397ca93f8733d132477"},"headline":"Renovaci\u00f3n de convenio con APCA y Fundaci\u00f3n Reina Sof\u00eda","datePublished":"2019-03-18T15:03:43+00:00","dateModified":"2022-10-27T11:20:18+00:00","mainEntityOfPage":{"@id":"https:\/\/www.insuit.net\/es\/renovacion-convenio-apca-fundacion-reina-sofia\/"},"wordCount":266,"image":{"@id":"https:\/\/www.insuit.net\/es\/renovacion-convenio-apca-fundacion-reina-sofia\/#primaryimage"},"thumbnailUrl":"https:\/\/www.insuit.net\/wp-content\/uploads\/2019\/03\/Fundacion_Reina_Sofia-1-e1586093703993.png","articleSection":["Noticias es"],"inLanguage":"es"},{"@type":"WebPage","@id":"https:\/\/www.insuit.net\/es\/renovacion-convenio-apca-fundacion-reina-sofia\/","url":"https:\/\/www.insuit.net\/es\/renovacion-convenio-apca-fundacion-reina-sofia\/","name":"Renovaci\u00f3n de convenio con APCA y Fundaci\u00f3n Reina Sof\u00eda - inSuit","isPartOf":{"@id":"https:\/\/www.insuit.net\/es\/#website"},"primaryImageOfPage":{"@id":"https:\/\/www.insuit.net\/es\/renovacion-convenio-apca-fundacion-reina-sofia\/#primaryimage"},"image":{"@id":"https:\/\/www.insuit.net\/es\/renovacion-convenio-apca-fundacion-reina-sofia\/#primaryimage"},"thumbnailUrl":"https:\/\/www.insuit.net\/wp-content\/uploads\/2019\/03\/Fundacion_Reina_Sofia-1-e1586093703993.png","datePublished":"2019-03-18T15:03:43+00:00","dateModified":"2022-10-27T11:20:18+00:00","author":{"@id":"https:\/\/www.insuit.net\/es\/#\/schema\/person\/3b8435a385b08397ca93f8733d132477"},"breadcrumb":{"@id":"https:\/\/www.insuit.net\/es\/renovacion-convenio-apca-fundacion-reina-sofia\/#breadcrumb"},"inLanguage":"es","potentialAction":[{"@type":"ReadAction","target":["https:\/\/www.insuit.net\/es\/renovacion-convenio-apca-fundacion-reina-sofia\/"]}]},{"@type":"ImageObject","inLanguage":"es","@id":"https:\/\/www.insuit.net\/es\/renovacion-convenio-apca-fundacion-reina-sofia\/#primaryimage","url":"https:\/\/www.insuit.net\/wp-content\/uploads\/2019\/03\/Fundacion_Reina_Sofia-1-e1586093703993.png","contentUrl":"https:\/\/www.insuit.net\/wp-content\/uploads\/2019\/03\/Fundacion_Reina_Sofia-1-e1586093703993.png","width":904,"height":806,"caption":"logo fundaci\u00f3n reina sof\u00eda"},{"@type":"BreadcrumbList","@id":"https:\/\/www.insuit.net\/es\/renovacion-convenio-apca-fundacion-reina-sofia\/#breadcrumb","itemListElement":[{"@type":"ListItem","position":1,"name":"Home","item":"https:\/\/www.insuit.net\/es\/"},{"@type":"ListItem","position":2,"name":"Renovaci\u00f3n de convenio con APCA y Fundaci\u00f3n Reina Sof\u00eda"}]},{"@type":"WebSite","@id":"https:\/\/www.insuit.net\/es\/#website","url":"https:\/\/www.insuit.net\/es\/","name":"inSuit","description":"Accesibilidad web para personas con discapacidad","potentialAction":[{"@type":"SearchAction","target":{"@type":"EntryPoint","urlTemplate":"https:\/\/www.insuit.net\/es\/?s={search_term_string}"},"query-input":{"@type":"PropertyValueSpecification","valueRequired":true,"valueName":"search_term_string"}}],"inLanguage":"es"},{"@type":"Person","@id":"https:\/\/www.insuit.net\/es\/#\/schema\/person\/3b8435a385b08397ca93f8733d132477","name":"inSuit","image":{"@type":"ImageObject","inLanguage":"es","@id":"https:\/\/secure.gravatar.com\/avatar\/b731c7002353de0c18a2950e1b1f7152a3fc02185337e315c14a3df52e4106c7?s=96&d=mm&r=g","url":"https:\/\/secure.gravatar.com\/avatar\/b731c7002353de0c18a2950e1b1f7152a3fc02185337e315c14a3df52e4106c7?s=96&d=mm&r=g","contentUrl":"https:\/\/secure.gravatar.com\/avatar\/b731c7002353de0c18a2950e1b1f7152a3fc02185337e315c14a3df52e4106c7?s=96&d=mm&r=g","caption":"inSuit"},"url":"https:\/\/www.insuit.net\/es\/author\/daas\/"}]}},"_links":{"self":[{"href":"https:\/\/www.insuit.net\/es\/wp-json\/wp\/v2\/posts\/973","targetHints":{"allow":["GET"]}}],"collection":[{"href":"https:\/\/www.insuit.net\/es\/wp-json\/wp\/v2\/posts"}],"about":[{"href":"https:\/\/www.insuit.net\/es\/wp-json\/wp\/v2\/types\/post"}],"author":[{"embeddable":true,"href":"https:\/\/www.insuit.net\/es\/wp-json\/wp\/v2\/users\/4"}],"replies":[{"embeddable":true,"href":"https:\/\/www.insuit.net\/es\/wp-json\/wp\/v2\/comments?post=973"}],"version-history":[{"count":2,"href":"https:\/\/www.insuit.net\/es\/wp-json\/wp\/v2\/posts\/973\/revisions"}],"predecessor-version":[{"id":3132,"href":"https:\/\/www.insuit.net\/es\/wp-json\/wp\/v2\/posts\/973\/revisions\/3132"}],"wp:featuredmedia":[{"embeddable":true,"href":"https:\/\/www.insuit.net\/es\/wp-json\/wp\/v2\/media\/2536"}],"wp:attachment":[{"href":"https:\/\/www.insuit.net\/es\/wp-json\/wp\/v2\/media?parent=973"}],"wp:term":[{"taxonomy":"category","embeddable":true,"href":"https:\/\/www.insuit.net\/es\/wp-json\/wp\/v2\/categories?post=973"},{"taxonomy":"post_tag","embeddable":true,"href":"https:\/\/www.insuit.net\/es\/wp-json\/wp\/v2\/tags?post=973"}],"curies":[{"name":"wp","href":"https:\/\/api.w.org\/{rel}","templated":true}]}}