{"id":925,"date":"2019-02-19T18:00:55","date_gmt":"2019-02-19T17:00:55","guid":{"rendered":"https:\/\/blog.insuit.net\/es\/?p=925"},"modified":"2022-10-27T13:20:18","modified_gmt":"2022-10-27T11:20:18","slug":"proyecto-europeo-inclusive-tourism-la-camara-comercio-valencia","status":"publish","type":"post","link":"https:\/\/www.insuit.net\/es\/proyecto-europeo-inclusive-tourism-la-camara-comercio-valencia\/","title":{"rendered":"Proyecto europeo \u201cInclusive-Tourism\u201d con la C\u00e1mara de Comercio de Valencia"},"content":{"rendered":"<p><b>La C\u00e1mara de Comercio de Valencia ha seleccionado la herramienta inSuit para proveer de accesibilidad al portal del proyecto europeo \u201cInclusive-Tourism\u201d<\/b><span style=\"font-weight: 400;\">, un proyecto cofinanciado por el programa Erasmus+ de la Uni\u00f3n Europea, que se pone en marcha con el objetivo principal de <\/span><b>aumentar las competencias de las personas con discapacidad y los profesionales del sector tur\u00edstico<\/b><span style=\"font-weight: 400;\">, para mejorar su empleabilidad dentro del sector del turismo inclusivo y accesible.<\/span><\/p>\n<p><span style=\"font-weight: 400;\">El proyecto tiene como objetivo aumentar la conciencia sobre las capacidades para el empleo de las personas con discapacidad e impulsar la cooperaci\u00f3n entre las empresas y las entidades del sector tur\u00edstico, que trabajan en el \u00e1mbito del <\/span><b>apoyo a las personas con discapacidad<\/b><span style=\"font-weight: 400;\">.<\/span><\/p>\n<p><span style=\"font-weight: 400;\">Hoy en d\u00eda, siguen existiendo estas barreras para este colectivo, pero con este nuevo proyecto \u201cInclusive-Tourism\u201d, se pretende <\/span><b>facilitar <\/b><span style=\"font-weight: 400;\">que todas las personas con discapacidad o de avanzada edad puedan <\/span><b>disfrutar de todas las actividades tur\u00edsticas en igualdad<\/b><span style=\"font-weight: 400;\"> de condiciones que el resto de ciudadanos.<\/span><\/p>\n<p><span style=\"font-weight: 400;\">M\u00e1s informaci\u00f3n sobre el proyecto en este <\/span><a href=\"https:\/\/www.camaravalencia.com\/es-ES\/competitividad\/medioambiente-energia\/Paginas\/Inclusive-Tourism.aspx\" target=\"_blank\" rel=\"noopener noreferrer\"><span style=\"font-weight: 400;\">enlace al proyecto en la web de la C\u00e1mara de Comercio<\/span><\/a><span style=\"font-weight: 400;\">.<\/span><\/p>\n","protected":false},"excerpt":{"rendered":"<p>La C\u00e1mara de Comercio de Valencia ha seleccionado la herramienta inSuit para proveer de accesibilidad al portal del proyecto europeo \u201cInclusive-Tourism\u201d, un proyecto cofinanciado por el programa Erasmus+ de la Uni\u00f3n Europea, que se pone en marcha con el objetivo principal de aumentar las competencias de las personas con discapacidad y los profesionales del sector [&hellip;]<\/p>\n","protected":false},"author":4,"featured_media":1894,"comment_status":"closed","ping_status":"open","sticky":false,"template":"","format":"standard","meta":{"_acf_changed":false,"content-type":"","footnotes":""},"categories":[30],"tags":[],"class_list":["post-925","post","type-post","status-publish","format-standard","has-post-thumbnail","hentry","category-noticias-es"],"acf":[],"yoast_head":"<!-- This site is optimized with the Yoast SEO Premium plugin v26.1 (Yoast SEO v27.4) - https:\/\/yoast.com\/product\/yoast-seo-premium-wordpress\/ -->\n<title>Proyecto europeo \u201cInclusive-Tourism\u201d con la C\u00e1mara de Comercio de Valencia - inSuit<\/title>\n<meta name=\"robots\" content=\"index, follow, max-snippet:-1, max-image-preview:large, max-video-preview:-1\" \/>\n<link rel=\"canonical\" href=\"https:\/\/www.insuit.net\/es\/proyecto-europeo-inclusive-tourism-la-camara-comercio-valencia\/\" \/>\n<meta property=\"og:locale\" content=\"es_ES\" \/>\n<meta property=\"og:type\" content=\"article\" \/>\n<meta property=\"og:title\" content=\"Proyecto europeo \u201cInclusive-Tourism\u201d con la C\u00e1mara de Comercio de Valencia\" \/>\n<meta property=\"og:description\" content=\"La C\u00e1mara de Comercio de Valencia ha seleccionado la herramienta inSuit para proveer de accesibilidad al portal del proyecto europeo \u201cInclusive-Tourism\u201d, un proyecto cofinanciado por el programa Erasmus+ de la Uni\u00f3n Europea, que se pone en marcha con el objetivo principal de aumentar las competencias de las personas con discapacidad y los profesionales del sector [&hellip;]\" \/>\n<meta property=\"og:url\" content=\"https:\/\/www.insuit.net\/es\/proyecto-europeo-inclusive-tourism-la-camara-comercio-valencia\/\" \/>\n<meta property=\"og:site_name\" content=\"inSuit\" \/>\n<meta property=\"article:published_time\" content=\"2019-02-19T17:00:55+00:00\" \/>\n<meta property=\"article:modified_time\" content=\"2022-10-27T11:20:18+00:00\" \/>\n<meta property=\"og:image\" content=\"https:\/\/www.insuit.net\/wp-content\/uploads\/2019\/02\/CamaraValencia1.png\" \/>\n\t<meta property=\"og:image:width\" content=\"1074\" \/>\n\t<meta property=\"og:image:height\" content=\"728\" \/>\n\t<meta property=\"og:image:type\" content=\"image\/png\" \/>\n<meta name=\"author\" content=\"inSuit\" \/>\n<meta name=\"twitter:card\" content=\"summary_large_image\" \/>\n<meta name=\"twitter:label1\" content=\"Escrito por\" \/>\n\t<meta name=\"twitter:data1\" content=\"inSuit\" \/>\n\t<meta name=\"twitter:label2\" content=\"Tiempo de lectura\" \/>\n\t<meta name=\"twitter:data2\" content=\"1 minuto\" \/>\n<script type=\"application\/ld+json\" class=\"yoast-schema-graph\">{\"@context\":\"https:\\\/\\\/schema.org\",\"@graph\":[{\"@type\":\"Article\",\"@id\":\"https:\\\/\\\/www.insuit.net\\\/es\\\/proyecto-europeo-inclusive-tourism-la-camara-comercio-valencia\\\/#article\",\"isPartOf\":{\"@id\":\"https:\\\/\\\/www.insuit.net\\\/es\\\/proyecto-europeo-inclusive-tourism-la-camara-comercio-valencia\\\/\"},\"author\":{\"name\":\"inSuit\",\"@id\":\"https:\\\/\\\/www.insuit.net\\\/es\\\/#\\\/schema\\\/person\\\/3b8435a385b08397ca93f8733d132477\"},\"headline\":\"Proyecto europeo \u201cInclusive-Tourism\u201d con la C\u00e1mara de Comercio de Valencia\",\"datePublished\":\"2019-02-19T17:00:55+00:00\",\"dateModified\":\"2022-10-27T11:20:18+00:00\",\"mainEntityOfPage\":{\"@id\":\"https:\\\/\\\/www.insuit.net\\\/es\\\/proyecto-europeo-inclusive-tourism-la-camara-comercio-valencia\\\/\"},\"wordCount\":196,\"image\":{\"@id\":\"https:\\\/\\\/www.insuit.net\\\/es\\\/proyecto-europeo-inclusive-tourism-la-camara-comercio-valencia\\\/#primaryimage\"},\"thumbnailUrl\":\"https:\\\/\\\/www.insuit.net\\\/wp-content\\\/uploads\\\/2019\\\/02\\\/CamaraValencia1.png\",\"articleSection\":[\"Noticias es\"],\"inLanguage\":\"es\"},{\"@type\":\"WebPage\",\"@id\":\"https:\\\/\\\/www.insuit.net\\\/es\\\/proyecto-europeo-inclusive-tourism-la-camara-comercio-valencia\\\/\",\"url\":\"https:\\\/\\\/www.insuit.net\\\/es\\\/proyecto-europeo-inclusive-tourism-la-camara-comercio-valencia\\\/\",\"name\":\"Proyecto europeo \u201cInclusive-Tourism\u201d con la C\u00e1mara de Comercio de Valencia - inSuit\",\"isPartOf\":{\"@id\":\"https:\\\/\\\/www.insuit.net\\\/es\\\/#website\"},\"primaryImageOfPage\":{\"@id\":\"https:\\\/\\\/www.insuit.net\\\/es\\\/proyecto-europeo-inclusive-tourism-la-camara-comercio-valencia\\\/#primaryimage\"},\"image\":{\"@id\":\"https:\\\/\\\/www.insuit.net\\\/es\\\/proyecto-europeo-inclusive-tourism-la-camara-comercio-valencia\\\/#primaryimage\"},\"thumbnailUrl\":\"https:\\\/\\\/www.insuit.net\\\/wp-content\\\/uploads\\\/2019\\\/02\\\/CamaraValencia1.png\",\"datePublished\":\"2019-02-19T17:00:55+00:00\",\"dateModified\":\"2022-10-27T11:20:18+00:00\",\"author\":{\"@id\":\"https:\\\/\\\/www.insuit.net\\\/es\\\/#\\\/schema\\\/person\\\/3b8435a385b08397ca93f8733d132477\"},\"breadcrumb\":{\"@id\":\"https:\\\/\\\/www.insuit.net\\\/es\\\/proyecto-europeo-inclusive-tourism-la-camara-comercio-valencia\\\/#breadcrumb\"},\"inLanguage\":\"es\",\"potentialAction\":[{\"@type\":\"ReadAction\",\"target\":[\"https:\\\/\\\/www.insuit.net\\\/es\\\/proyecto-europeo-inclusive-tourism-la-camara-comercio-valencia\\\/\"]}]},{\"@type\":\"ImageObject\",\"inLanguage\":\"es\",\"@id\":\"https:\\\/\\\/www.insuit.net\\\/es\\\/proyecto-europeo-inclusive-tourism-la-camara-comercio-valencia\\\/#primaryimage\",\"url\":\"https:\\\/\\\/www.insuit.net\\\/wp-content\\\/uploads\\\/2019\\\/02\\\/CamaraValencia1.png\",\"contentUrl\":\"https:\\\/\\\/www.insuit.net\\\/wp-content\\\/uploads\\\/2019\\\/02\\\/CamaraValencia1.png\",\"width\":1074,\"height\":728,\"caption\":\"logo de la c\u00e1mara de valencia\"},{\"@type\":\"BreadcrumbList\",\"@id\":\"https:\\\/\\\/www.insuit.net\\\/es\\\/proyecto-europeo-inclusive-tourism-la-camara-comercio-valencia\\\/#breadcrumb\",\"itemListElement\":[{\"@type\":\"ListItem\",\"position\":1,\"name\":\"Home\",\"item\":\"https:\\\/\\\/www.insuit.net\\\/es\\\/\"},{\"@type\":\"ListItem\",\"position\":2,\"name\":\"Proyecto europeo \u201cInclusive-Tourism\u201d con la C\u00e1mara de Comercio de Valencia\"}]},{\"@type\":\"WebSite\",\"@id\":\"https:\\\/\\\/www.insuit.net\\\/es\\\/#website\",\"url\":\"https:\\\/\\\/www.insuit.net\\\/es\\\/\",\"name\":\"inSuit\",\"description\":\"Accesibilidad web para personas con discapacidad\",\"potentialAction\":[{\"@type\":\"SearchAction\",\"target\":{\"@type\":\"EntryPoint\",\"urlTemplate\":\"https:\\\/\\\/www.insuit.net\\\/es\\\/?s={search_term_string}\"},\"query-input\":{\"@type\":\"PropertyValueSpecification\",\"valueRequired\":true,\"valueName\":\"search_term_string\"}}],\"inLanguage\":\"es\"},{\"@type\":\"Person\",\"@id\":\"https:\\\/\\\/www.insuit.net\\\/es\\\/#\\\/schema\\\/person\\\/3b8435a385b08397ca93f8733d132477\",\"name\":\"inSuit\",\"image\":{\"@type\":\"ImageObject\",\"inLanguage\":\"es\",\"@id\":\"https:\\\/\\\/secure.gravatar.com\\\/avatar\\\/b731c7002353de0c18a2950e1b1f7152a3fc02185337e315c14a3df52e4106c7?s=96&d=mm&r=g\",\"url\":\"https:\\\/\\\/secure.gravatar.com\\\/avatar\\\/b731c7002353de0c18a2950e1b1f7152a3fc02185337e315c14a3df52e4106c7?s=96&d=mm&r=g\",\"contentUrl\":\"https:\\\/\\\/secure.gravatar.com\\\/avatar\\\/b731c7002353de0c18a2950e1b1f7152a3fc02185337e315c14a3df52e4106c7?s=96&d=mm&r=g\",\"caption\":\"inSuit\"},\"url\":\"https:\\\/\\\/www.insuit.net\\\/es\\\/author\\\/daas\\\/\"}]}<\/script>\n<!-- \/ Yoast SEO Premium plugin. -->","yoast_head_json":{"title":"Proyecto europeo \u201cInclusive-Tourism\u201d con la C\u00e1mara de Comercio de Valencia - inSuit","robots":{"index":"index","follow":"follow","max-snippet":"max-snippet:-1","max-image-preview":"max-image-preview:large","max-video-preview":"max-video-preview:-1"},"canonical":"https:\/\/www.insuit.net\/es\/proyecto-europeo-inclusive-tourism-la-camara-comercio-valencia\/","og_locale":"es_ES","og_type":"article","og_title":"Proyecto europeo \u201cInclusive-Tourism\u201d con la C\u00e1mara de Comercio de Valencia","og_description":"La C\u00e1mara de Comercio de Valencia ha seleccionado la herramienta inSuit para proveer de accesibilidad al portal del proyecto europeo \u201cInclusive-Tourism\u201d, un proyecto cofinanciado por el programa Erasmus+ de la Uni\u00f3n Europea, que se pone en marcha con el objetivo principal de aumentar las competencias de las personas con discapacidad y los profesionales del sector [&hellip;]","og_url":"https:\/\/www.insuit.net\/es\/proyecto-europeo-inclusive-tourism-la-camara-comercio-valencia\/","og_site_name":"inSuit","article_published_time":"2019-02-19T17:00:55+00:00","article_modified_time":"2022-10-27T11:20:18+00:00","og_image":[{"width":1074,"height":728,"url":"https:\/\/www.insuit.net\/wp-content\/uploads\/2019\/02\/CamaraValencia1.png","type":"image\/png"}],"author":"inSuit","twitter_card":"summary_large_image","twitter_misc":{"Escrito por":"inSuit","Tiempo de lectura":"1 minuto"},"schema":{"@context":"https:\/\/schema.org","@graph":[{"@type":"Article","@id":"https:\/\/www.insuit.net\/es\/proyecto-europeo-inclusive-tourism-la-camara-comercio-valencia\/#article","isPartOf":{"@id":"https:\/\/www.insuit.net\/es\/proyecto-europeo-inclusive-tourism-la-camara-comercio-valencia\/"},"author":{"name":"inSuit","@id":"https:\/\/www.insuit.net\/es\/#\/schema\/person\/3b8435a385b08397ca93f8733d132477"},"headline":"Proyecto europeo \u201cInclusive-Tourism\u201d con la C\u00e1mara de Comercio de Valencia","datePublished":"2019-02-19T17:00:55+00:00","dateModified":"2022-10-27T11:20:18+00:00","mainEntityOfPage":{"@id":"https:\/\/www.insuit.net\/es\/proyecto-europeo-inclusive-tourism-la-camara-comercio-valencia\/"},"wordCount":196,"image":{"@id":"https:\/\/www.insuit.net\/es\/proyecto-europeo-inclusive-tourism-la-camara-comercio-valencia\/#primaryimage"},"thumbnailUrl":"https:\/\/www.insuit.net\/wp-content\/uploads\/2019\/02\/CamaraValencia1.png","articleSection":["Noticias es"],"inLanguage":"es"},{"@type":"WebPage","@id":"https:\/\/www.insuit.net\/es\/proyecto-europeo-inclusive-tourism-la-camara-comercio-valencia\/","url":"https:\/\/www.insuit.net\/es\/proyecto-europeo-inclusive-tourism-la-camara-comercio-valencia\/","name":"Proyecto europeo \u201cInclusive-Tourism\u201d con la C\u00e1mara de Comercio de Valencia - inSuit","isPartOf":{"@id":"https:\/\/www.insuit.net\/es\/#website"},"primaryImageOfPage":{"@id":"https:\/\/www.insuit.net\/es\/proyecto-europeo-inclusive-tourism-la-camara-comercio-valencia\/#primaryimage"},"image":{"@id":"https:\/\/www.insuit.net\/es\/proyecto-europeo-inclusive-tourism-la-camara-comercio-valencia\/#primaryimage"},"thumbnailUrl":"https:\/\/www.insuit.net\/wp-content\/uploads\/2019\/02\/CamaraValencia1.png","datePublished":"2019-02-19T17:00:55+00:00","dateModified":"2022-10-27T11:20:18+00:00","author":{"@id":"https:\/\/www.insuit.net\/es\/#\/schema\/person\/3b8435a385b08397ca93f8733d132477"},"breadcrumb":{"@id":"https:\/\/www.insuit.net\/es\/proyecto-europeo-inclusive-tourism-la-camara-comercio-valencia\/#breadcrumb"},"inLanguage":"es","potentialAction":[{"@type":"ReadAction","target":["https:\/\/www.insuit.net\/es\/proyecto-europeo-inclusive-tourism-la-camara-comercio-valencia\/"]}]},{"@type":"ImageObject","inLanguage":"es","@id":"https:\/\/www.insuit.net\/es\/proyecto-europeo-inclusive-tourism-la-camara-comercio-valencia\/#primaryimage","url":"https:\/\/www.insuit.net\/wp-content\/uploads\/2019\/02\/CamaraValencia1.png","contentUrl":"https:\/\/www.insuit.net\/wp-content\/uploads\/2019\/02\/CamaraValencia1.png","width":1074,"height":728,"caption":"logo de la c\u00e1mara de valencia"},{"@type":"BreadcrumbList","@id":"https:\/\/www.insuit.net\/es\/proyecto-europeo-inclusive-tourism-la-camara-comercio-valencia\/#breadcrumb","itemListElement":[{"@type":"ListItem","position":1,"name":"Home","item":"https:\/\/www.insuit.net\/es\/"},{"@type":"ListItem","position":2,"name":"Proyecto europeo \u201cInclusive-Tourism\u201d con la C\u00e1mara de Comercio de Valencia"}]},{"@type":"WebSite","@id":"https:\/\/www.insuit.net\/es\/#website","url":"https:\/\/www.insuit.net\/es\/","name":"inSuit","description":"Accesibilidad web para personas con discapacidad","potentialAction":[{"@type":"SearchAction","target":{"@type":"EntryPoint","urlTemplate":"https:\/\/www.insuit.net\/es\/?s={search_term_string}"},"query-input":{"@type":"PropertyValueSpecification","valueRequired":true,"valueName":"search_term_string"}}],"inLanguage":"es"},{"@type":"Person","@id":"https:\/\/www.insuit.net\/es\/#\/schema\/person\/3b8435a385b08397ca93f8733d132477","name":"inSuit","image":{"@type":"ImageObject","inLanguage":"es","@id":"https:\/\/secure.gravatar.com\/avatar\/b731c7002353de0c18a2950e1b1f7152a3fc02185337e315c14a3df52e4106c7?s=96&d=mm&r=g","url":"https:\/\/secure.gravatar.com\/avatar\/b731c7002353de0c18a2950e1b1f7152a3fc02185337e315c14a3df52e4106c7?s=96&d=mm&r=g","contentUrl":"https:\/\/secure.gravatar.com\/avatar\/b731c7002353de0c18a2950e1b1f7152a3fc02185337e315c14a3df52e4106c7?s=96&d=mm&r=g","caption":"inSuit"},"url":"https:\/\/www.insuit.net\/es\/author\/daas\/"}]}},"_links":{"self":[{"href":"https:\/\/www.insuit.net\/es\/wp-json\/wp\/v2\/posts\/925","targetHints":{"allow":["GET"]}}],"collection":[{"href":"https:\/\/www.insuit.net\/es\/wp-json\/wp\/v2\/posts"}],"about":[{"href":"https:\/\/www.insuit.net\/es\/wp-json\/wp\/v2\/types\/post"}],"author":[{"embeddable":true,"href":"https:\/\/www.insuit.net\/es\/wp-json\/wp\/v2\/users\/4"}],"replies":[{"embeddable":true,"href":"https:\/\/www.insuit.net\/es\/wp-json\/wp\/v2\/comments?post=925"}],"version-history":[{"count":1,"href":"https:\/\/www.insuit.net\/es\/wp-json\/wp\/v2\/posts\/925\/revisions"}],"predecessor-version":[{"id":2538,"href":"https:\/\/www.insuit.net\/es\/wp-json\/wp\/v2\/posts\/925\/revisions\/2538"}],"wp:featuredmedia":[{"embeddable":true,"href":"https:\/\/www.insuit.net\/es\/wp-json\/wp\/v2\/media\/1894"}],"wp:attachment":[{"href":"https:\/\/www.insuit.net\/es\/wp-json\/wp\/v2\/media?parent=925"}],"wp:term":[{"taxonomy":"category","embeddable":true,"href":"https:\/\/www.insuit.net\/es\/wp-json\/wp\/v2\/categories?post=925"},{"taxonomy":"post_tag","embeddable":true,"href":"https:\/\/www.insuit.net\/es\/wp-json\/wp\/v2\/tags?post=925"}],"curies":[{"name":"wp","href":"https:\/\/api.w.org\/{rel}","templated":true}]}}