{"id":8999,"date":"2023-05-30T10:59:00","date_gmt":"2023-05-30T08:59:00","guid":{"rendered":"https:\/\/www.insuit.net\/?p=8999"},"modified":"2023-05-30T11:11:46","modified_gmt":"2023-05-30T09:11:46","slug":"contribucion-accesibilidad-digital-uit","status":"publish","type":"post","link":"https:\/\/www.insuit.net\/es\/contribucion-accesibilidad-digital-uit\/","title":{"rendered":"inSuit presenta su contribuci\u00f3n en accesibilidad digital ante la UIT de Naciones Unidas"},"content":{"rendered":"\n<p>El pasado 19 de mayo, inSuit <strong>present\u00f3 su contribuci\u00f3n en accesibilidad digital ante la<\/strong> <a href=\"https:\/\/www.itu.int\/es\/about\/Pages\/default.aspx\" target=\"_blank\" rel=\"noreferrer noopener\">UIT (Uni\u00f3n Internacional de Telecomunicaciones)<\/a> donde destacamos el caso de \u00e9xito de la <a href=\"https:\/\/www.insuit.net\/es\/directiva-2019882\/\" target=\"_blank\" rel=\"noreferrer noopener\">transposici\u00f3n de la Directiva 2016\/2102 de la Uni\u00f3n Europea al Real Decreto 1112\/2018 de Espa\u00f1a<\/a>. <\/p>\n\n\n\n<p><strong>inSuit, como <\/strong><a href=\"https:\/\/www.insuit.net\/es\/insuit-miembro-uit-onu\/\" target=\"_blank\" rel=\"noreferrer noopener\">miembro oficial asociado a la UIT<\/a>, tiene la responsabilidad de realizar una serie de aportaciones como <strong>expertos en accesibilidad digital, tanto del sector privado como el p\u00fablico<\/strong>, fusionando esfuerzos que, en conjunto con las colaboraciones de <a href=\"https:\/\/www.youtube.com\/watch?v=e5M6l6ErYuY\" target=\"_blank\" rel=\"noreferrer noopener\">otros miembros asociados<\/a>, permiten el<strong> desarrollo de una serie de sugerencias y mejores pr\u00e1cticas <\/strong>para ser implementadas por aquellos pa\u00edses que persiguen la meta de cerrar la brecha digital.<\/p>\n\n\n\n<p>En dicha contribuci\u00f3n, <a href=\"https:\/\/www.insuit.net\/es\/insuit-miembro-uit-onu\/\" target=\"_blank\" rel=\"noreferrer noopener\">se plante\u00f3 el objetivo de identificar las buenas pr\u00e1cticas implementadas en la transposici\u00f3n de la directiva<\/a> resaltando la importancia de la creaci\u00f3n de las Unidades Responsables de Accesibilidad (URA) y las tareas obligatorias peri\u00f3dicas.<\/p>\n\n\n\n<p>Para entender este hecho, <strong>hay que resaltar que en los \u00faltimos a\u00f1os han existido avances significativos en los est\u00e1ndares de accesibilidad digital<\/strong> y el marco legislativo que incluyen publicaciones como las <a href=\"https:\/\/www.w3.org\/WAI\/standards-guidelines\/wcag\/glance\/es\" target=\"_blank\" rel=\"noreferrer noopener\">WCAG 2.1<\/a>, la norma t\u00e9cnica europea <a href=\"https:\/\/www.etsi.org\/deliver\/etsi_en\/301500_301599\/301549\/03.02.01_60\/en_301549v030201p.pdf\" target=\"_blank\" rel=\"noreferrer noopener\">EN 301 549 v3.2.1<\/a> y las <a href=\"https:\/\/eur-lex.europa.eu\/legal-content\/ES\/ALL\/?uri=CELEX%3A32016L2102\" target=\"_blank\" rel=\"noreferrer noopener\">Directivas Europeas 2016\/2102<\/a> y <a href=\"https:\/\/eur-lex.europa.eu\/legal-content\/ES\/TXT\/PDF\/?uri=CELEX:32019L0882&amp;from=EN\" target=\"_blank\" rel=\"noreferrer noopener\">2019\/882<\/a>.<\/p>\n\n\n\n<p>Estos desarrollos fueron los que <strong>llevaron al Observatorio de Accesibilidad Web de Espa\u00f1a a exigir la creaci\u00f3n de las URAs<\/strong> en los organismos p\u00fablicos, las cuales tienen la responsabilidad de <strong>llevar a cabo tareas peri\u00f3dicas obligatorias<\/strong> que garantizan el cumplimiento de los <a href=\"https:\/\/www.insuit.net\/es\/cumple-real-decreto-1112-2018-insuit-servicios360\/\" target=\"_blank\" rel=\"noreferrer noopener\">requisitos de accesibilidad exigidos en el Real Decreto 1112\/2018<\/a>.<\/p>\n\n\n\n<p>En este art\u00edculo, <strong>analizaremos el caso de \u00e9xito de la transposici\u00f3n de la Directiva en Espa\u00f1a<\/strong>, as\u00ed como <strong>la importancia de la creaci\u00f3n de las URAs y las tareas obligatorias peri\u00f3dicas<\/strong> definidas en el Real Decreto que hoy permite a Espa\u00f1a, el <a href=\"https:\/\/www.insuit.net\/es\/resultado-seguimiento-sitios-webs-directiva-europea\/\" target=\"_blank\" rel=\"noreferrer noopener\">cumplimiento de los requisitos de accesibilidad a nivel institucional<\/a>.<\/p>\n\n\n\n<h2 class=\"wp-block-heading\">El papel de las Unidades Responsables de Accesibilidad (URAs)<\/h2>\n\n\n\n<p>Bajo el marco legislativo europeo de la accesibilidad digital, <strong>las transposiciones de la Directiva en los diferentes pa\u00edses presentan discrepancias en cuanto a los requisitos<\/strong>, criterios de cumplimiento, aplicaci\u00f3n y seguimiento de las pautas de accesibilidad a cumplir.<\/p>\n\n\n\n<p><strong>En Espa\u00f1a, se ha establecido un modelo de cumplimiento de accesibilidad sostenible a nivel nacional<\/strong>, donde se distribuyen las responsabilidades de seguimiento y presentaci\u00f3n de informes entre las agencias nacionales (como el <a href=\"https:\/\/administracionelectronica.gob.es\/pae_Home\/pae_Estrategias\/pae_Accesibilidad\/pae_Observatorio_de_Accesibilidad.html\" target=\"_blank\" rel=\"noreferrer noopener\">Observatorio de Accesibilidad Web<\/a> y la Autoridad Nacional) delegando as\u00ed la responsabilidad de cumplimiento en las URAs creadas en cada organismo de la administraci\u00f3n p\u00fablica.<\/p>\n\n\n\n<p>De este modo,<strong> las URAs juegan un papel fundamental en el cumplimiento de los requisitos de accesibilidad<\/strong> a nivel institucional. Estas unidades <strong>son responsables de monitorizar el nivel de accesibilidad de los sitios web y aplicaciones m\u00f3viles de los organismos p\u00fablicos<\/strong>, proporcionando informaci\u00f3n sobre el nivel de cumplimiento que garantiza la conformidad con los criterios de accesibilidad establecidos.<\/p>\n\n\n\n<p>Adem\u00e1s, <strong>las URAs investigan los casos<\/strong> de carga desproporcionada, verifican la conformidad con las declaraciones de accesibilidad y <strong>se aseguran que las quejas y reclamaciones de los usuarios sean debidamente atendidas<\/strong>.<\/p>\n\n\n\n<h2 class=\"wp-block-heading\">Importancia de las tareas obligatorias peri\u00f3dicas del Real Decreto 1112\/2018<\/h2>\n\n\n\n<p><strong>Una de las claves del \u00e9xito<\/strong> en la transposici\u00f3n de la Directiva de Accesibilidad en Espa\u00f1a <strong>ha sido la implementaci\u00f3n de tareas obligatorias peri\u00f3dicas<\/strong>.<\/p>\n\n\n\n<p>Estas tareas <strong>establecen un marco estructurado y sistem\u00e1tico para garantizar el cumplimiento continuo<\/strong> de los requisitos de accesibilidad en los sitios y aplicaciones web p\u00fablicas.<\/p>\n\n\n\n<p>Adem\u00e1s, <strong>las tareas obligatorias peri\u00f3dicas desempe\u00f1an un papel fundamental en el proceso de mejora<\/strong>, mantenimiento y evoluci\u00f3n de la accesibilidad digital en Espa\u00f1a.<\/p>\n\n\n\n<p><strong>Dentro de las actividades se incluyen:<\/strong><\/p>\n\n\n\n<ul class=\"wp-block-list\">\n<li>La evaluaci\u00f3n regular de la conformidad de los sitios web y aplicaciones m\u00f3viles con los criterios de accesibilidad.<\/li>\n\n\n\n<li>La identificaci\u00f3n de \u00e1reas de mejora.<\/li>\n\n\n\n<li>La implementaci\u00f3n de medidas correctivas.<\/li>\n\n\n\n<li>La realizaci\u00f3n de pruebas de usabilidad con personas con discapacidad.<\/li>\n<\/ul>\n\n\n\n<p>Su obligatoriedad <strong>establece un compromiso claro por parte de los organismos p\u00fablicos <\/strong>para mantener y mejorar constantemente la accesibilidad de sus plataformas digitales.<\/p>\n\n\n\n<p>Esto <a href=\"https:\/\/www.insuit.net\/es\/concienciacion-sobre-la-accesibilidad-web\/\" target=\"_blank\" rel=\"noreferrer noopener\">evita que la accesibilidad sea tratada como un aspecto secundario o una tarea opcional<\/a>, y asegura que se le d\u00e9 la importancia y prioridad que merece. Promoviendo, adem\u00e1s, la responsabilidad y la rendici\u00f3n de cuentas.<\/p>\n\n\n\n<p>Los organismos de control y ejecuci\u00f3n, encargados de monitorear y garantizar el cumplimiento de los requisitos de accesibilidad, pueden <strong>utilizar los resultados de estas tareas como base para evaluar el progreso y tomar medidas correctivas <\/strong>en caso de incumplimientos.<\/p>\n\n\n\n<p>Asimismo, las agencias de informes<strong> utilizan la informaci\u00f3n peri\u00f3dica para presentar un panorama general de la accesibilidad a nivel nacional<\/strong> y evaluar el impacto de las pol\u00edticas implementadas.<\/p>\n\n\n\n<p>Los avances en tecnolog\u00eda, <strong>los cambios en las necesidades de los usuarios <\/strong>y las actualizaciones de los est\u00e1ndares y directivas <strong>requieren un enfoque din\u00e1mico y adaptable<\/strong>.<\/p>\n\n\n\n<p>Establecer tareas peri\u00f3dicas <strong>asegura que los organismos p\u00fablicos est\u00e9n al tanto de las \u00faltimas pautas y requisitos de accesibilidad<\/strong>, para que as\u00ed se puedan tomar medidas que los mantengan al d\u00eda.<\/p>\n\n\n\n<p>As\u00ed lo demuestran los \u00faltimos informes de monitoreo, los cuales <strong>evidencian que la implementaci\u00f3n de estas tareas ha dado como resultado<\/strong> un aumento significativo en el cumplimiento de los requisitos de accesibilidad, donde <strong>un 85% de los sitios web cumplen total o parcialmente con los requisitos<\/strong>.<\/p>\n\n\n\n<h2 class=\"wp-block-heading\">Implementaci\u00f3n de las URAs y las tareas obligatorias peri\u00f3dicas como contribuci\u00f3n en accesibilidad digital ante la UIT<\/h2>\n\n\n\n<p>En conclusi\u00f3n, se puede decir que la transposici\u00f3n de la Directiva Europea de Accesibilidad en Espa\u00f1a a trav\u00e9s del <a href=\"https:\/\/www.boe.es\/diario_boe\/txt.php?id=BOE-A-2018-12699\" target=\"_blank\" rel=\"noreferrer noopener\">Real Decreto 1112\/2018<\/a> ha sido un <strong>caso de \u00e9xito gracias a la implementaci\u00f3n de las Unidades Responsables de Accesibilidad y las tareas obligatorias peri\u00f3dicas<\/strong>.<\/p>\n\n\n\n<p>Esto debido a que, al asignar responsabilidades claras y establecer procesos de seguimiento y rendici\u00f3n de cuentas en conjunto con el compromiso de todas las partes involucradas (tanto del sector p\u00fablico como del sector privado), se <strong>da paso a un ambiente en el cual la accesibilidad se convierte en una prioridad estrat\u00e9gica<\/strong> y se integra en las pol\u00edticas y pr\u00e1cticas institucionales.<\/p>\n\n\n\n<p><strong>Un enfoque que ha permitido a Espa\u00f1a posicionarse como un referente<\/strong> en el \u00e1mbito de la accesibilidad digital a nivel europeo.<\/p>\n\n\n\n<p>De esta forma <strong>vemos como el intercambio de buenas pr\u00e1cticas y el apoyo continuo a los organismos p\u00fablicos en su camino hacia la plena accesibilidad<\/strong>, son pilares fundamentales para construir una sociedad m\u00e1s inclusiva, en la que todas las personas, independientemente de sus capacidades, puedan participar plenamente en el entorno digital y disfrutar de sus beneficios.<\/p>\n\n\n\n<p><strong>No te quedes sin ser agente de cambio<\/strong>, si a\u00fan no cuenta con accesibilidad digital en tus plataformas digitales, <a href=\"https:\/\/www.insuit.net\/es\/contacto\/\" target=\"_blank\" rel=\"noreferrer noopener\">\u00a1no dudes en contactarnos!<\/a> Eliminar las posibles barreras que existen en la web, es tarea de todos.<\/p>\n\n\n\n<div class=\"wp-block-buttons is-content-justification-center is-layout-flex wp-container-core-buttons-is-layout-16018d1d wp-block-buttons-is-layout-flex\">\n<div class=\"wp-block-button\"><a class=\"wp-block-button__link has-vivid-red-background-color has-background wp-element-button\" href=\"https:\/\/www.insuit.net\/es\/solicita-demo\/\" target=\"_blank\" rel=\"noreferrer noopener\">\u00a1Solicita una demo gratuita!<\/a><\/div>\n<\/div>\n","protected":false},"excerpt":{"rendered":"<p>El pasado 19 de mayo, inSuit present\u00f3 su contribuci\u00f3n en accesibilidad digital ante la UIT (Uni\u00f3n Internacional de Telecomunicaciones) donde destacamos el caso de \u00e9xito de la transposici\u00f3n de la Directiva 2016\/2102 de la Uni\u00f3n Europea al Real Decreto 1112\/2018 de Espa\u00f1a. inSuit, como miembro oficial asociado a la UIT, tiene la responsabilidad de realizar [&hellip;]<\/p>\n","protected":false},"author":4,"featured_media":9005,"comment_status":"closed","ping_status":"closed","sticky":false,"template":"","format":"standard","meta":{"_acf_changed":false,"content-type":"","footnotes":""},"categories":[30],"tags":[],"class_list":["post-8999","post","type-post","status-publish","format-standard","has-post-thumbnail","hentry","category-noticias-es"],"acf":[],"yoast_head":"<!-- This site is optimized with the Yoast SEO Premium plugin v26.1 (Yoast SEO v27.5) - https:\/\/yoast.com\/product\/yoast-seo-premium-wordpress\/ -->\n<title>inSuit presenta su contribuci\u00f3n en accesibilidad digital ante la UIT<\/title>\n<meta name=\"description\" content=\"inSuit destaca la implementaci\u00f3n de URAs y tareas obligatorias peri\u00f3dicas como contribuci\u00f3n en accesibilidad digital ante la UIT.\" \/>\n<meta name=\"robots\" content=\"index, follow, max-snippet:-1, max-image-preview:large, max-video-preview:-1\" \/>\n<link rel=\"canonical\" href=\"https:\/\/www.insuit.net\/es\/contribucion-accesibilidad-digital-uit\/\" \/>\n<meta property=\"og:locale\" content=\"es_ES\" \/>\n<meta property=\"og:type\" content=\"article\" \/>\n<meta property=\"og:title\" content=\"inSuit presenta su contribuci\u00f3n en accesibilidad digital ante la UIT de Naciones Unidas\" \/>\n<meta property=\"og:description\" content=\"inSuit destaca la implementaci\u00f3n de URAs y tareas obligatorias peri\u00f3dicas como contribuci\u00f3n en accesibilidad digital ante la UIT.\" \/>\n<meta property=\"og:url\" content=\"https:\/\/www.insuit.net\/es\/contribucion-accesibilidad-digital-uit\/\" \/>\n<meta property=\"og:site_name\" content=\"inSuit\" \/>\n<meta property=\"article:published_time\" content=\"2023-05-30T08:59:00+00:00\" \/>\n<meta property=\"article:modified_time\" content=\"2023-05-30T09:11:46+00:00\" \/>\n<meta property=\"og:image\" content=\"https:\/\/www.insuit.net\/wp-content\/uploads\/2023\/05\/itu-contribucion.jpg\" \/>\n\t<meta property=\"og:image:width\" content=\"1024\" \/>\n\t<meta property=\"og:image:height\" content=\"524\" \/>\n\t<meta property=\"og:image:type\" content=\"image\/jpeg\" \/>\n<meta name=\"author\" content=\"inSuit\" \/>\n<meta name=\"twitter:card\" content=\"summary_large_image\" \/>\n<meta name=\"twitter:label1\" content=\"Escrito por\" \/>\n\t<meta name=\"twitter:data1\" content=\"inSuit\" \/>\n\t<meta name=\"twitter:label2\" content=\"Tiempo de lectura\" \/>\n\t<meta name=\"twitter:data2\" content=\"5 minutos\" \/>\n<script type=\"application\/ld+json\" class=\"yoast-schema-graph\">{\"@context\":\"https:\\\/\\\/schema.org\",\"@graph\":[{\"@type\":\"Article\",\"@id\":\"https:\\\/\\\/www.insuit.net\\\/es\\\/contribucion-accesibilidad-digital-uit\\\/#article\",\"isPartOf\":{\"@id\":\"https:\\\/\\\/www.insuit.net\\\/es\\\/contribucion-accesibilidad-digital-uit\\\/\"},\"author\":{\"name\":\"inSuit\",\"@id\":\"https:\\\/\\\/www.insuit.net\\\/es\\\/#\\\/schema\\\/person\\\/3b8435a385b08397ca93f8733d132477\"},\"headline\":\"inSuit presenta su contribuci\u00f3n en accesibilidad digital ante la UIT de Naciones Unidas\",\"datePublished\":\"2023-05-30T08:59:00+00:00\",\"dateModified\":\"2023-05-30T09:11:46+00:00\",\"mainEntityOfPage\":{\"@id\":\"https:\\\/\\\/www.insuit.net\\\/es\\\/contribucion-accesibilidad-digital-uit\\\/\"},\"wordCount\":1172,\"image\":{\"@id\":\"https:\\\/\\\/www.insuit.net\\\/es\\\/contribucion-accesibilidad-digital-uit\\\/#primaryimage\"},\"thumbnailUrl\":\"https:\\\/\\\/www.insuit.net\\\/wp-content\\\/uploads\\\/2023\\\/05\\\/itu-contribucion.jpg\",\"articleSection\":[\"Noticias es\"],\"inLanguage\":\"es\"},{\"@type\":\"WebPage\",\"@id\":\"https:\\\/\\\/www.insuit.net\\\/es\\\/contribucion-accesibilidad-digital-uit\\\/\",\"url\":\"https:\\\/\\\/www.insuit.net\\\/es\\\/contribucion-accesibilidad-digital-uit\\\/\",\"name\":\"inSuit presenta su contribuci\u00f3n en accesibilidad digital ante la UIT\",\"isPartOf\":{\"@id\":\"https:\\\/\\\/www.insuit.net\\\/es\\\/#website\"},\"primaryImageOfPage\":{\"@id\":\"https:\\\/\\\/www.insuit.net\\\/es\\\/contribucion-accesibilidad-digital-uit\\\/#primaryimage\"},\"image\":{\"@id\":\"https:\\\/\\\/www.insuit.net\\\/es\\\/contribucion-accesibilidad-digital-uit\\\/#primaryimage\"},\"thumbnailUrl\":\"https:\\\/\\\/www.insuit.net\\\/wp-content\\\/uploads\\\/2023\\\/05\\\/itu-contribucion.jpg\",\"datePublished\":\"2023-05-30T08:59:00+00:00\",\"dateModified\":\"2023-05-30T09:11:46+00:00\",\"author\":{\"@id\":\"https:\\\/\\\/www.insuit.net\\\/es\\\/#\\\/schema\\\/person\\\/3b8435a385b08397ca93f8733d132477\"},\"description\":\"inSuit destaca la implementaci\u00f3n de URAs y tareas obligatorias peri\u00f3dicas como contribuci\u00f3n en accesibilidad digital ante la UIT.\",\"breadcrumb\":{\"@id\":\"https:\\\/\\\/www.insuit.net\\\/es\\\/contribucion-accesibilidad-digital-uit\\\/#breadcrumb\"},\"inLanguage\":\"es\",\"potentialAction\":[{\"@type\":\"ReadAction\",\"target\":[\"https:\\\/\\\/www.insuit.net\\\/es\\\/contribucion-accesibilidad-digital-uit\\\/\"]}]},{\"@type\":\"ImageObject\",\"inLanguage\":\"es\",\"@id\":\"https:\\\/\\\/www.insuit.net\\\/es\\\/contribucion-accesibilidad-digital-uit\\\/#primaryimage\",\"url\":\"https:\\\/\\\/www.insuit.net\\\/wp-content\\\/uploads\\\/2023\\\/05\\\/itu-contribucion.jpg\",\"contentUrl\":\"https:\\\/\\\/www.insuit.net\\\/wp-content\\\/uploads\\\/2023\\\/05\\\/itu-contribucion.jpg\",\"width\":1024,\"height\":524,\"caption\":\"ITU Associate Member logo placed above an image showing a parliament or congress with its representatives.\"},{\"@type\":\"BreadcrumbList\",\"@id\":\"https:\\\/\\\/www.insuit.net\\\/es\\\/contribucion-accesibilidad-digital-uit\\\/#breadcrumb\",\"itemListElement\":[{\"@type\":\"ListItem\",\"position\":1,\"name\":\"Home\",\"item\":\"https:\\\/\\\/www.insuit.net\\\/es\\\/\"},{\"@type\":\"ListItem\",\"position\":2,\"name\":\"inSuit presenta su contribuci\u00f3n en accesibilidad digital ante la UIT de Naciones Unidas\"}]},{\"@type\":\"WebSite\",\"@id\":\"https:\\\/\\\/www.insuit.net\\\/es\\\/#website\",\"url\":\"https:\\\/\\\/www.insuit.net\\\/es\\\/\",\"name\":\"inSuit\",\"description\":\"Accesibilidad web para personas con discapacidad\",\"potentialAction\":[{\"@type\":\"SearchAction\",\"target\":{\"@type\":\"EntryPoint\",\"urlTemplate\":\"https:\\\/\\\/www.insuit.net\\\/es\\\/?s={search_term_string}\"},\"query-input\":{\"@type\":\"PropertyValueSpecification\",\"valueRequired\":true,\"valueName\":\"search_term_string\"}}],\"inLanguage\":\"es\"},{\"@type\":\"Person\",\"@id\":\"https:\\\/\\\/www.insuit.net\\\/es\\\/#\\\/schema\\\/person\\\/3b8435a385b08397ca93f8733d132477\",\"name\":\"inSuit\",\"image\":{\"@type\":\"ImageObject\",\"inLanguage\":\"es\",\"@id\":\"https:\\\/\\\/secure.gravatar.com\\\/avatar\\\/b731c7002353de0c18a2950e1b1f7152a3fc02185337e315c14a3df52e4106c7?s=96&d=mm&r=g\",\"url\":\"https:\\\/\\\/secure.gravatar.com\\\/avatar\\\/b731c7002353de0c18a2950e1b1f7152a3fc02185337e315c14a3df52e4106c7?s=96&d=mm&r=g\",\"contentUrl\":\"https:\\\/\\\/secure.gravatar.com\\\/avatar\\\/b731c7002353de0c18a2950e1b1f7152a3fc02185337e315c14a3df52e4106c7?s=96&d=mm&r=g\",\"caption\":\"inSuit\"},\"url\":\"https:\\\/\\\/www.insuit.net\\\/es\\\/author\\\/daas\\\/\"}]}<\/script>\n<!-- \/ Yoast SEO Premium plugin. -->","yoast_head_json":{"title":"inSuit presenta su contribuci\u00f3n en accesibilidad digital ante la UIT","description":"inSuit destaca la implementaci\u00f3n de URAs y tareas obligatorias peri\u00f3dicas como contribuci\u00f3n en accesibilidad digital ante la UIT.","robots":{"index":"index","follow":"follow","max-snippet":"max-snippet:-1","max-image-preview":"max-image-preview:large","max-video-preview":"max-video-preview:-1"},"canonical":"https:\/\/www.insuit.net\/es\/contribucion-accesibilidad-digital-uit\/","og_locale":"es_ES","og_type":"article","og_title":"inSuit presenta su contribuci\u00f3n en accesibilidad digital ante la UIT de Naciones Unidas","og_description":"inSuit destaca la implementaci\u00f3n de URAs y tareas obligatorias peri\u00f3dicas como contribuci\u00f3n en accesibilidad digital ante la UIT.","og_url":"https:\/\/www.insuit.net\/es\/contribucion-accesibilidad-digital-uit\/","og_site_name":"inSuit","article_published_time":"2023-05-30T08:59:00+00:00","article_modified_time":"2023-05-30T09:11:46+00:00","og_image":[{"width":1024,"height":524,"url":"https:\/\/www.insuit.net\/wp-content\/uploads\/2023\/05\/itu-contribucion.jpg","type":"image\/jpeg"}],"author":"inSuit","twitter_card":"summary_large_image","twitter_misc":{"Escrito por":"inSuit","Tiempo de lectura":"5 minutos"},"schema":{"@context":"https:\/\/schema.org","@graph":[{"@type":"Article","@id":"https:\/\/www.insuit.net\/es\/contribucion-accesibilidad-digital-uit\/#article","isPartOf":{"@id":"https:\/\/www.insuit.net\/es\/contribucion-accesibilidad-digital-uit\/"},"author":{"name":"inSuit","@id":"https:\/\/www.insuit.net\/es\/#\/schema\/person\/3b8435a385b08397ca93f8733d132477"},"headline":"inSuit presenta su contribuci\u00f3n en accesibilidad digital ante la UIT de Naciones Unidas","datePublished":"2023-05-30T08:59:00+00:00","dateModified":"2023-05-30T09:11:46+00:00","mainEntityOfPage":{"@id":"https:\/\/www.insuit.net\/es\/contribucion-accesibilidad-digital-uit\/"},"wordCount":1172,"image":{"@id":"https:\/\/www.insuit.net\/es\/contribucion-accesibilidad-digital-uit\/#primaryimage"},"thumbnailUrl":"https:\/\/www.insuit.net\/wp-content\/uploads\/2023\/05\/itu-contribucion.jpg","articleSection":["Noticias es"],"inLanguage":"es"},{"@type":"WebPage","@id":"https:\/\/www.insuit.net\/es\/contribucion-accesibilidad-digital-uit\/","url":"https:\/\/www.insuit.net\/es\/contribucion-accesibilidad-digital-uit\/","name":"inSuit presenta su contribuci\u00f3n en accesibilidad digital ante la UIT","isPartOf":{"@id":"https:\/\/www.insuit.net\/es\/#website"},"primaryImageOfPage":{"@id":"https:\/\/www.insuit.net\/es\/contribucion-accesibilidad-digital-uit\/#primaryimage"},"image":{"@id":"https:\/\/www.insuit.net\/es\/contribucion-accesibilidad-digital-uit\/#primaryimage"},"thumbnailUrl":"https:\/\/www.insuit.net\/wp-content\/uploads\/2023\/05\/itu-contribucion.jpg","datePublished":"2023-05-30T08:59:00+00:00","dateModified":"2023-05-30T09:11:46+00:00","author":{"@id":"https:\/\/www.insuit.net\/es\/#\/schema\/person\/3b8435a385b08397ca93f8733d132477"},"description":"inSuit destaca la implementaci\u00f3n de URAs y tareas obligatorias peri\u00f3dicas como contribuci\u00f3n en accesibilidad digital ante la UIT.","breadcrumb":{"@id":"https:\/\/www.insuit.net\/es\/contribucion-accesibilidad-digital-uit\/#breadcrumb"},"inLanguage":"es","potentialAction":[{"@type":"ReadAction","target":["https:\/\/www.insuit.net\/es\/contribucion-accesibilidad-digital-uit\/"]}]},{"@type":"ImageObject","inLanguage":"es","@id":"https:\/\/www.insuit.net\/es\/contribucion-accesibilidad-digital-uit\/#primaryimage","url":"https:\/\/www.insuit.net\/wp-content\/uploads\/2023\/05\/itu-contribucion.jpg","contentUrl":"https:\/\/www.insuit.net\/wp-content\/uploads\/2023\/05\/itu-contribucion.jpg","width":1024,"height":524,"caption":"ITU Associate Member logo placed above an image showing a parliament or congress with its representatives."},{"@type":"BreadcrumbList","@id":"https:\/\/www.insuit.net\/es\/contribucion-accesibilidad-digital-uit\/#breadcrumb","itemListElement":[{"@type":"ListItem","position":1,"name":"Home","item":"https:\/\/www.insuit.net\/es\/"},{"@type":"ListItem","position":2,"name":"inSuit presenta su contribuci\u00f3n en accesibilidad digital ante la UIT de Naciones Unidas"}]},{"@type":"WebSite","@id":"https:\/\/www.insuit.net\/es\/#website","url":"https:\/\/www.insuit.net\/es\/","name":"inSuit","description":"Accesibilidad web para personas con discapacidad","potentialAction":[{"@type":"SearchAction","target":{"@type":"EntryPoint","urlTemplate":"https:\/\/www.insuit.net\/es\/?s={search_term_string}"},"query-input":{"@type":"PropertyValueSpecification","valueRequired":true,"valueName":"search_term_string"}}],"inLanguage":"es"},{"@type":"Person","@id":"https:\/\/www.insuit.net\/es\/#\/schema\/person\/3b8435a385b08397ca93f8733d132477","name":"inSuit","image":{"@type":"ImageObject","inLanguage":"es","@id":"https:\/\/secure.gravatar.com\/avatar\/b731c7002353de0c18a2950e1b1f7152a3fc02185337e315c14a3df52e4106c7?s=96&d=mm&r=g","url":"https:\/\/secure.gravatar.com\/avatar\/b731c7002353de0c18a2950e1b1f7152a3fc02185337e315c14a3df52e4106c7?s=96&d=mm&r=g","contentUrl":"https:\/\/secure.gravatar.com\/avatar\/b731c7002353de0c18a2950e1b1f7152a3fc02185337e315c14a3df52e4106c7?s=96&d=mm&r=g","caption":"inSuit"},"url":"https:\/\/www.insuit.net\/es\/author\/daas\/"}]}},"_links":{"self":[{"href":"https:\/\/www.insuit.net\/es\/wp-json\/wp\/v2\/posts\/8999","targetHints":{"allow":["GET"]}}],"collection":[{"href":"https:\/\/www.insuit.net\/es\/wp-json\/wp\/v2\/posts"}],"about":[{"href":"https:\/\/www.insuit.net\/es\/wp-json\/wp\/v2\/types\/post"}],"author":[{"embeddable":true,"href":"https:\/\/www.insuit.net\/es\/wp-json\/wp\/v2\/users\/4"}],"replies":[{"embeddable":true,"href":"https:\/\/www.insuit.net\/es\/wp-json\/wp\/v2\/comments?post=8999"}],"version-history":[{"count":8,"href":"https:\/\/www.insuit.net\/es\/wp-json\/wp\/v2\/posts\/8999\/revisions"}],"predecessor-version":[{"id":9068,"href":"https:\/\/www.insuit.net\/es\/wp-json\/wp\/v2\/posts\/8999\/revisions\/9068"}],"wp:featuredmedia":[{"embeddable":true,"href":"https:\/\/www.insuit.net\/es\/wp-json\/wp\/v2\/media\/9005"}],"wp:attachment":[{"href":"https:\/\/www.insuit.net\/es\/wp-json\/wp\/v2\/media?parent=8999"}],"wp:term":[{"taxonomy":"category","embeddable":true,"href":"https:\/\/www.insuit.net\/es\/wp-json\/wp\/v2\/categories?post=8999"},{"taxonomy":"post_tag","embeddable":true,"href":"https:\/\/www.insuit.net\/es\/wp-json\/wp\/v2\/tags?post=8999"}],"curies":[{"name":"wp","href":"https:\/\/api.w.org\/{rel}","templated":true}]}}