{"id":5686,"date":"2022-03-15T10:02:00","date_gmt":"2022-03-15T09:02:00","guid":{"rendered":"https:\/\/www.insuit.net\/?p=5686"},"modified":"2023-06-22T17:45:33","modified_gmt":"2023-06-22T15:45:33","slug":"insuit-participa-fitur-accesibilidad","status":"publish","type":"post","link":"https:\/\/www.insuit.net\/es\/insuit-participa-fitur-accesibilidad\/","title":{"rendered":"inSuit participa en FITUR 2022 en la presentaci\u00f3n de la accesibilidad web de la Ruta B\u00e9tica Romana"},"content":{"rendered":"\n<p>FITUR accesibilidad, oportunidad y desarrollo. El pasado mes de enero, <strong>inSuit particip\u00f3 en la<\/strong> <a rel=\"noreferrer noopener\" href=\"https:\/\/www.ifema.es\/fitur\" target=\"_blank\">Feria Internacional del Turismo<\/a> (FITUR 2022).<\/p>\n\n\n\n<p>En esta oportunidad, <strong>Juan Antonio Cebollada Gavil\u00e1n, socio fundador de inSuit, estuvo presente junto al presidente de la<\/strong> <a href=\"https:\/\/beticaromana.org\/\" target=\"_blank\" rel=\"noreferrer noopener\">Ruta B\u00e9tica Romana<\/a>, Juan Manuel \u00c1vila Guti\u00e9rrez, presentando la &#8220;Accesibilidad Web de la Ruta B\u00e9tica Romana\u201d.<\/p>\n\n\n\n<p>Donde se <strong>explic\u00f3 c\u00f3mo inSuit Tools\u00ae ayuda a las personas con discapacidad a navegar a trav\u00e9s de la web de la Ruta B\u00e9tica Romana<\/strong> con la finalidad de que \u00e9sta, pueda ser una opci\u00f3n de turismo para todos.<\/p>\n\n\n<div class=\"wp-block-image\">\n<figure class=\"aligncenter size-large\"><img fetchpriority=\"high\" decoding=\"async\" width=\"1024\" height=\"676\" src=\"https:\/\/www.insuit.net\/wp-content\/uploads\/2022\/03\/fitur2-min.jpeg\" alt=\"\" class=\"wp-image-5701\" srcset=\"https:\/\/www.insuit.net\/wp-content\/uploads\/2022\/03\/fitur2-min.jpeg 1024w, https:\/\/www.insuit.net\/wp-content\/uploads\/2022\/03\/fitur2-min-300x198.jpeg 300w, https:\/\/www.insuit.net\/wp-content\/uploads\/2022\/03\/fitur2-min-768x507.jpeg 768w\" sizes=\"(max-width: 1024px) 100vw, 1024px\" \/><\/figure>\n<\/div>\n\n\n<p>Cabe destacar que este a\u00f1o la Feria Internacional de Turismo se ha enfocado bajo la modalidad FITUR accesibilidad;<strong> sin duda una excelente oportunidad para exponer este tipo de iniciativas,<\/strong> las cuales promueven, cada vez m\u00e1s, el turismo inclusivo.<\/p>\n\n\n\n<p>Recordemos que <strong>FITUR es sin\u00f3nimo de vanguardia, donde la tecnolog\u00eda, futuro y sostenibilidad<\/strong> se abordan de forma transversal.<\/p>\n\n\n\n<p>Esto con la finalidad de poder <strong>identificar las tendencias tur\u00edsticas a futuro, proyectando pautas que generen impacto positivo<\/strong> tanto para los visitantes como residentes.<\/p>\n\n\n\n<p>As\u00ed como para cada uno de los destinos, <strong>impulsando el desarrollo econ\u00f3mico, social cultural y medioambiental.<\/strong><\/p>\n\n\n\n<h2 class=\"wp-block-heading\">FITUR accesibilidad: Ruta B\u00e9tico Romana al alcance de todos con inSuit Tools\u00ae \u00a0<\/h2>\n\n\n\n<p>Es importante resaltar que la <a href=\"https:\/\/beticaromana.org\/\" target=\"_blank\" rel=\"noreferrer noopener\">Ruta B\u00e9tica Romana<\/a> es <strong>un gran atractivo tur\u00edstico que pasa hoy por doce ciudades<\/strong> de las provincias de Sevilla, C\u00e1diz y C\u00f3rdoba.<\/p>\n\n\n<div class=\"wp-block-image\">\n<figure class=\"aligncenter size-large is-resized\"><img decoding=\"async\" src=\"https:\/\/www.insuit.net\/wp-content\/uploads\/2022\/03\/ruta-betico-romana-insuit-min.jpg\" alt=\"\" class=\"wp-image-5699\" width=\"757\" height=\"427\" srcset=\"https:\/\/www.insuit.net\/wp-content\/uploads\/2022\/03\/ruta-betico-romana-insuit-min.jpg 626w, https:\/\/www.insuit.net\/wp-content\/uploads\/2022\/03\/ruta-betico-romana-insuit-min-300x170.jpg 300w\" sizes=\"(max-width: 757px) 100vw, 757px\" \/><\/figure>\n<\/div>\n\n\n<p><strong>Recorriendo la provincia m\u00e1s meridional de la Hispania Romana,<\/strong> la cual abarca territorios por los que pasaba la antigua V\u00eda Augusta.<\/p>\n\n\n\n<p><strong>Cubriendo espacios paisaj\u00edsticos de mucha importancia e inter\u00e9s geogr\u00e1fico y natural;<\/strong> como son el Parque Natural de la Subb\u00e9tica Cordobesa, la Campi\u00f1a, el Parque Natural de la Bah\u00eda de C\u00e1diz o el Valle del Guadalquivir. Los cuales <strong>pueden ser disfrutados a trav\u00e9s de una web que <\/strong><a rel=\"noreferrer noopener\" href=\"https:\/\/www.insuit.net\/es\/insuit\/\" target=\"_blank\">permite la navegaci\u00f3n accesible<\/a> a todo tipo de personas.<\/p>\n\n\n\n<p><strong>Convirti\u00e9ndola de este modo, en la primera Ruta Cultural en ofrecer este servicio.<\/strong> Un destino tur\u00edstico accesible que <strong>incorpora distintas ayudas t\u00e9cnicas<\/strong> que permiten una navegaci\u00f3n \u00f3ptima y aut\u00f3noma.<\/p>\n\n\n\n<p>En el siguiente v\u00eddeo, podemos ver c\u00f3mo nuestro amigo Fran de <a href=\"https:\/\/redproyectosocial.org\/\" target=\"_blank\" rel=\"noreferrer noopener\">Red Proyecto Social Discapacidad Tecnolog\u00eda<\/a> <strong>navega por la web de la Ruta B\u00e9tico Romana<\/strong> utilizando inSuit Tools\u00ae. <\/p>\n\n\n\n<figure class=\"wp-block-embed aligncenter is-type-video is-provider-youtube wp-block-embed-youtube wp-embed-aspect-16-9 wp-has-aspect-ratio\"><div class=\"wp-block-embed__wrapper\">\n<iframe title=\"Accesibilidad Web de la Ruta B\u00e9tica Romana - Presentaci\u00f3n completa FITUR 2022\" width=\"500\" height=\"281\" src=\"https:\/\/www.youtube.com\/embed\/-cOjQAviGNs?feature=oembed\" frameborder=\"0\" allow=\"accelerometer; autoplay; clipboard-write; encrypted-media; gyroscope; picture-in-picture; web-share\" referrerpolicy=\"strict-origin-when-cross-origin\" allowfullscreen><\/iframe>\n<\/div><\/figure>\n\n\n\n<h2 class=\"wp-block-heading\">\u00bfC\u00f3mo hace inSuit para promover Destinos Tur\u00edsticos Inteligentes?<\/h2>\n\n\n\n<p>Contar con un <a href=\"https:\/\/www.ifema.es\/noticias\/turismo\/destinos-turisticos-inteligentes\" target=\"_blank\" rel=\"noreferrer noopener\">Destino Tur\u00edstico Inteligente<\/a>, est\u00e1 relacionado con la <strong>posibilidad de tener una infraestructura tecnol\u00f3gica vanguardista que permita<\/strong> organizar, planificar, gestionar e <strong>interactuar con los distintos actores que involucran a la cadena tur\u00edstica<\/strong> sin obst\u00e1culos algunos.<\/p>\n\n\n\n<p>En este punto, <a href=\"https:\/\/www.insuit.net\/es\/accesibilidad-web-personas-discapacidad\/\" target=\"_blank\" rel=\"noreferrer noopener\">inSuit Tools\u00ae propone una soluci\u00f3n que garantiza la mejora de la accesibilidad y la usabilidad web<\/a>, de una manera sencilla.<\/p>\n\n\n\n<p>Para ello, <strong>transforma tu web en tiempo real<\/strong> en base a <a rel=\"noreferrer noopener\" href=\"https:\/\/www.w3.org\/TR\/WCAG21\/\" target=\"_blank\">WCAG<\/a> y <a rel=\"noreferrer noopener\" href=\"https:\/\/www.w3.org\/WAI\/standards-guidelines\/aria\/\" target=\"_blank\">WAI-ARIA<\/a>, de forma <strong>personalizada por expertos en accesibilidad <\/strong>y usabilidad. <\/p>\n\n\n\n<p>Y en donde se <strong>pone a disposici\u00f3n una serie de herramientas para la navegaci\u00f3n accesible<\/strong> o ayudas t\u00e9cnicas que abarcan distintas necesidades.<\/p>\n\n\n<div class=\"wp-block-image\">\n<figure class=\"aligncenter size-large\"><img decoding=\"async\" width=\"1024\" height=\"681\" src=\"https:\/\/www.insuit.net\/wp-content\/uploads\/2022\/03\/fitur3-min.jpeg\" alt=\"\" class=\"wp-image-5703\" srcset=\"https:\/\/www.insuit.net\/wp-content\/uploads\/2022\/03\/fitur3-min.jpeg 1024w, https:\/\/www.insuit.net\/wp-content\/uploads\/2022\/03\/fitur3-min-300x200.jpeg 300w, https:\/\/www.insuit.net\/wp-content\/uploads\/2022\/03\/fitur3-min-768x511.jpeg 768w\" sizes=\"(max-width: 1024px) 100vw, 1024px\" \/><\/figure>\n<\/div>\n\n\n<p>Raz\u00f3n por la cual, <strong>inSuit Tools\u00ae ha sido recomendada como plataforma de accesibilidad <\/strong>dentro del <a href=\"https:\/\/www.destinosinteligentes.es\/directorio_DTI\/directorio.php?q=insuit&amp;ord=\" target=\"_blank\" rel=\"noreferrer noopener\">directorio de soluciones de la Red de Destinos Tur\u00edsticos Inteligentes<\/a>.<\/p>\n\n\n\n<p>Promoviendo de este modo, la <strong>revalorizaci\u00f3n de distintos destinos tur\u00edsticos<\/strong> a trav\u00e9s de la accesibilidad, tecnolog\u00eda e innovaci\u00f3n.<\/p>\n\n\n\n<p><strong>Estimulando, a su vez, la producci\u00f3n, el desarrollo y la inclusi\u00f3n,<\/strong> as\u00ed como el cumplimiento de las distintas normativas.<\/p>\n\n\n\n<h2 class=\"wp-block-heading\">\u00bfEst\u00e1s interesado en saber <strong>c\u00f3mo hacer que tu localidad sea considerada como un destino tur\u00edstico accesible<\/strong>?<\/h2>\n\n\n\n<p><a href=\"https:\/\/www.insuit.net\/es\/contacto\/\" target=\"_blank\" rel=\"noreferrer noopener\">\u00a1Cont\u00e1ctanos!<\/a> Con gusto <strong>pondremos a tu disposici\u00f3n una soluci\u00f3n que te permita ser un destino tur\u00edstico inteligente.<\/strong><\/p>\n\n\n\n<div class=\"wp-block-buttons is-content-justification-center is-layout-flex wp-container-core-buttons-is-layout-16018d1d wp-block-buttons-is-layout-flex\">\n<div class=\"wp-block-button\"><a class=\"wp-block-button__link wp-element-button\" href=\"https:\/\/www.insuit.net\/es\/contacto\/\" target=\"_blank\" rel=\"noreferrer noopener\">\u00a1CONTACTAR!<\/a><\/div>\n<\/div>\n","protected":false},"excerpt":{"rendered":"<p>FITUR accesibilidad, oportunidad y desarrollo. El pasado mes de enero, inSuit particip\u00f3 en la Feria Internacional del Turismo (FITUR 2022). En esta oportunidad, Juan Antonio Cebollada Gavil\u00e1n, socio fundador de inSuit, estuvo presente junto al presidente de la Ruta B\u00e9tica Romana, Juan Manuel \u00c1vila Guti\u00e9rrez, presentando la &#8220;Accesibilidad Web de la Ruta B\u00e9tica Romana\u201d. Donde [&hellip;]<\/p>\n","protected":false},"author":4,"featured_media":5696,"comment_status":"open","ping_status":"open","sticky":false,"template":"","format":"standard","meta":{"_acf_changed":false,"content-type":"","footnotes":""},"categories":[30],"tags":[],"class_list":["post-5686","post","type-post","status-publish","format-standard","has-post-thumbnail","hentry","category-noticias-es"],"acf":[],"yoast_head":"<!-- This site is optimized with the Yoast SEO Premium plugin v26.1 (Yoast SEO v27.4) - https:\/\/yoast.com\/product\/yoast-seo-premium-wordpress\/ -->\n<title>FITUR accesibilidad: Ruta B\u00e9tico Romana al alcance de todos con inSuit<\/title>\n<meta name=\"description\" content=\"FITUR accesibilidad, oportunidad y desarrollo. El pasado mes de enero, inSuit particip\u00f3 en la feria, \u00bfhas visto nuestro v\u00eddeo?\" \/>\n<meta name=\"robots\" content=\"index, follow, max-snippet:-1, max-image-preview:large, max-video-preview:-1\" \/>\n<link rel=\"canonical\" href=\"https:\/\/www.insuit.net\/es\/insuit-participa-fitur-accesibilidad\/\" \/>\n<meta property=\"og:locale\" content=\"es_ES\" \/>\n<meta property=\"og:type\" content=\"article\" \/>\n<meta property=\"og:title\" content=\"inSuit participa en FITUR 2022 en la presentaci\u00f3n de la accesibilidad web de la Ruta B\u00e9tica Romana\" \/>\n<meta property=\"og:description\" content=\"FITUR accesibilidad, oportunidad y desarrollo. El pasado mes de enero, inSuit particip\u00f3 en la feria, \u00bfhas visto nuestro v\u00eddeo?\" \/>\n<meta property=\"og:url\" content=\"https:\/\/www.insuit.net\/es\/insuit-participa-fitur-accesibilidad\/\" \/>\n<meta property=\"og:site_name\" content=\"inSuit\" \/>\n<meta property=\"article:published_time\" content=\"2022-03-15T09:02:00+00:00\" \/>\n<meta property=\"article:modified_time\" content=\"2023-06-22T15:45:33+00:00\" \/>\n<meta property=\"og:image\" content=\"https:\/\/www.insuit.net\/wp-content\/uploads\/2022\/03\/fitur1-min.jpeg\" \/>\n\t<meta property=\"og:image:width\" content=\"1024\" \/>\n\t<meta property=\"og:image:height\" content=\"685\" \/>\n\t<meta property=\"og:image:type\" content=\"image\/jpeg\" \/>\n<meta name=\"author\" content=\"inSuit\" \/>\n<meta name=\"twitter:card\" content=\"summary_large_image\" \/>\n<meta name=\"twitter:label1\" content=\"Escrito por\" \/>\n\t<meta name=\"twitter:data1\" content=\"inSuit\" \/>\n\t<meta name=\"twitter:label2\" content=\"Tiempo de lectura\" \/>\n\t<meta name=\"twitter:data2\" content=\"4 minutos\" \/>\n<script type=\"application\/ld+json\" class=\"yoast-schema-graph\">{\"@context\":\"https:\\\/\\\/schema.org\",\"@graph\":[{\"@type\":\"Article\",\"@id\":\"https:\\\/\\\/www.insuit.net\\\/es\\\/insuit-participa-fitur-accesibilidad\\\/#article\",\"isPartOf\":{\"@id\":\"https:\\\/\\\/www.insuit.net\\\/es\\\/insuit-participa-fitur-accesibilidad\\\/\"},\"author\":{\"name\":\"inSuit\",\"@id\":\"https:\\\/\\\/www.insuit.net\\\/es\\\/#\\\/schema\\\/person\\\/3b8435a385b08397ca93f8733d132477\"},\"headline\":\"inSuit participa en FITUR 2022 en la presentaci\u00f3n de la accesibilidad web de la Ruta B\u00e9tica Romana\",\"datePublished\":\"2022-03-15T09:02:00+00:00\",\"dateModified\":\"2023-06-22T15:45:33+00:00\",\"mainEntityOfPage\":{\"@id\":\"https:\\\/\\\/www.insuit.net\\\/es\\\/insuit-participa-fitur-accesibilidad\\\/\"},\"wordCount\":658,\"commentCount\":0,\"image\":{\"@id\":\"https:\\\/\\\/www.insuit.net\\\/es\\\/insuit-participa-fitur-accesibilidad\\\/#primaryimage\"},\"thumbnailUrl\":\"https:\\\/\\\/www.insuit.net\\\/wp-content\\\/uploads\\\/2022\\\/03\\\/fitur1-min.jpeg\",\"articleSection\":[\"Noticias es\"],\"inLanguage\":\"es\",\"potentialAction\":[{\"@type\":\"CommentAction\",\"name\":\"Comment\",\"target\":[\"https:\\\/\\\/www.insuit.net\\\/es\\\/insuit-participa-fitur-accesibilidad\\\/#respond\"]}]},{\"@type\":\"WebPage\",\"@id\":\"https:\\\/\\\/www.insuit.net\\\/es\\\/insuit-participa-fitur-accesibilidad\\\/\",\"url\":\"https:\\\/\\\/www.insuit.net\\\/es\\\/insuit-participa-fitur-accesibilidad\\\/\",\"name\":\"FITUR accesibilidad: Ruta B\u00e9tico Romana al alcance de todos con inSuit\",\"isPartOf\":{\"@id\":\"https:\\\/\\\/www.insuit.net\\\/es\\\/#website\"},\"primaryImageOfPage\":{\"@id\":\"https:\\\/\\\/www.insuit.net\\\/es\\\/insuit-participa-fitur-accesibilidad\\\/#primaryimage\"},\"image\":{\"@id\":\"https:\\\/\\\/www.insuit.net\\\/es\\\/insuit-participa-fitur-accesibilidad\\\/#primaryimage\"},\"thumbnailUrl\":\"https:\\\/\\\/www.insuit.net\\\/wp-content\\\/uploads\\\/2022\\\/03\\\/fitur1-min.jpeg\",\"datePublished\":\"2022-03-15T09:02:00+00:00\",\"dateModified\":\"2023-06-22T15:45:33+00:00\",\"author\":{\"@id\":\"https:\\\/\\\/www.insuit.net\\\/es\\\/#\\\/schema\\\/person\\\/3b8435a385b08397ca93f8733d132477\"},\"description\":\"FITUR accesibilidad, oportunidad y desarrollo. El pasado mes de enero, inSuit particip\u00f3 en la feria, \u00bfhas visto nuestro v\u00eddeo?\",\"breadcrumb\":{\"@id\":\"https:\\\/\\\/www.insuit.net\\\/es\\\/insuit-participa-fitur-accesibilidad\\\/#breadcrumb\"},\"inLanguage\":\"es\",\"potentialAction\":[{\"@type\":\"ReadAction\",\"target\":[\"https:\\\/\\\/www.insuit.net\\\/es\\\/insuit-participa-fitur-accesibilidad\\\/\"]}]},{\"@type\":\"ImageObject\",\"inLanguage\":\"es\",\"@id\":\"https:\\\/\\\/www.insuit.net\\\/es\\\/insuit-participa-fitur-accesibilidad\\\/#primaryimage\",\"url\":\"https:\\\/\\\/www.insuit.net\\\/wp-content\\\/uploads\\\/2022\\\/03\\\/fitur1-min.jpeg\",\"contentUrl\":\"https:\\\/\\\/www.insuit.net\\\/wp-content\\\/uploads\\\/2022\\\/03\\\/fitur1-min.jpeg\",\"width\":1024,\"height\":685,\"caption\":\"juan antonio cebollada de inSuit presentando el v\u00eddeo donde se muestra la herramienta de accesibilidad funcionando sobre la web ruta b\u00e9tico romana\"},{\"@type\":\"BreadcrumbList\",\"@id\":\"https:\\\/\\\/www.insuit.net\\\/es\\\/insuit-participa-fitur-accesibilidad\\\/#breadcrumb\",\"itemListElement\":[{\"@type\":\"ListItem\",\"position\":1,\"name\":\"Home\",\"item\":\"https:\\\/\\\/www.insuit.net\\\/es\\\/\"},{\"@type\":\"ListItem\",\"position\":2,\"name\":\"inSuit participa en FITUR 2022 en la presentaci\u00f3n de la accesibilidad web de la Ruta B\u00e9tica Romana\"}]},{\"@type\":\"WebSite\",\"@id\":\"https:\\\/\\\/www.insuit.net\\\/es\\\/#website\",\"url\":\"https:\\\/\\\/www.insuit.net\\\/es\\\/\",\"name\":\"inSuit\",\"description\":\"Accesibilidad web para personas con discapacidad\",\"potentialAction\":[{\"@type\":\"SearchAction\",\"target\":{\"@type\":\"EntryPoint\",\"urlTemplate\":\"https:\\\/\\\/www.insuit.net\\\/es\\\/?s={search_term_string}\"},\"query-input\":{\"@type\":\"PropertyValueSpecification\",\"valueRequired\":true,\"valueName\":\"search_term_string\"}}],\"inLanguage\":\"es\"},{\"@type\":\"Person\",\"@id\":\"https:\\\/\\\/www.insuit.net\\\/es\\\/#\\\/schema\\\/person\\\/3b8435a385b08397ca93f8733d132477\",\"name\":\"inSuit\",\"image\":{\"@type\":\"ImageObject\",\"inLanguage\":\"es\",\"@id\":\"https:\\\/\\\/secure.gravatar.com\\\/avatar\\\/b731c7002353de0c18a2950e1b1f7152a3fc02185337e315c14a3df52e4106c7?s=96&d=mm&r=g\",\"url\":\"https:\\\/\\\/secure.gravatar.com\\\/avatar\\\/b731c7002353de0c18a2950e1b1f7152a3fc02185337e315c14a3df52e4106c7?s=96&d=mm&r=g\",\"contentUrl\":\"https:\\\/\\\/secure.gravatar.com\\\/avatar\\\/b731c7002353de0c18a2950e1b1f7152a3fc02185337e315c14a3df52e4106c7?s=96&d=mm&r=g\",\"caption\":\"inSuit\"},\"url\":\"https:\\\/\\\/www.insuit.net\\\/es\\\/author\\\/daas\\\/\"}]}<\/script>\n<!-- \/ Yoast SEO Premium plugin. -->","yoast_head_json":{"title":"FITUR accesibilidad: Ruta B\u00e9tico Romana al alcance de todos con inSuit","description":"FITUR accesibilidad, oportunidad y desarrollo. El pasado mes de enero, inSuit particip\u00f3 en la feria, \u00bfhas visto nuestro v\u00eddeo?","robots":{"index":"index","follow":"follow","max-snippet":"max-snippet:-1","max-image-preview":"max-image-preview:large","max-video-preview":"max-video-preview:-1"},"canonical":"https:\/\/www.insuit.net\/es\/insuit-participa-fitur-accesibilidad\/","og_locale":"es_ES","og_type":"article","og_title":"inSuit participa en FITUR 2022 en la presentaci\u00f3n de la accesibilidad web de la Ruta B\u00e9tica Romana","og_description":"FITUR accesibilidad, oportunidad y desarrollo. El pasado mes de enero, inSuit particip\u00f3 en la feria, \u00bfhas visto nuestro v\u00eddeo?","og_url":"https:\/\/www.insuit.net\/es\/insuit-participa-fitur-accesibilidad\/","og_site_name":"inSuit","article_published_time":"2022-03-15T09:02:00+00:00","article_modified_time":"2023-06-22T15:45:33+00:00","og_image":[{"width":1024,"height":685,"url":"https:\/\/www.insuit.net\/wp-content\/uploads\/2022\/03\/fitur1-min.jpeg","type":"image\/jpeg"}],"author":"inSuit","twitter_card":"summary_large_image","twitter_misc":{"Escrito por":"inSuit","Tiempo de lectura":"4 minutos"},"schema":{"@context":"https:\/\/schema.org","@graph":[{"@type":"Article","@id":"https:\/\/www.insuit.net\/es\/insuit-participa-fitur-accesibilidad\/#article","isPartOf":{"@id":"https:\/\/www.insuit.net\/es\/insuit-participa-fitur-accesibilidad\/"},"author":{"name":"inSuit","@id":"https:\/\/www.insuit.net\/es\/#\/schema\/person\/3b8435a385b08397ca93f8733d132477"},"headline":"inSuit participa en FITUR 2022 en la presentaci\u00f3n de la accesibilidad web de la Ruta B\u00e9tica Romana","datePublished":"2022-03-15T09:02:00+00:00","dateModified":"2023-06-22T15:45:33+00:00","mainEntityOfPage":{"@id":"https:\/\/www.insuit.net\/es\/insuit-participa-fitur-accesibilidad\/"},"wordCount":658,"commentCount":0,"image":{"@id":"https:\/\/www.insuit.net\/es\/insuit-participa-fitur-accesibilidad\/#primaryimage"},"thumbnailUrl":"https:\/\/www.insuit.net\/wp-content\/uploads\/2022\/03\/fitur1-min.jpeg","articleSection":["Noticias es"],"inLanguage":"es","potentialAction":[{"@type":"CommentAction","name":"Comment","target":["https:\/\/www.insuit.net\/es\/insuit-participa-fitur-accesibilidad\/#respond"]}]},{"@type":"WebPage","@id":"https:\/\/www.insuit.net\/es\/insuit-participa-fitur-accesibilidad\/","url":"https:\/\/www.insuit.net\/es\/insuit-participa-fitur-accesibilidad\/","name":"FITUR accesibilidad: Ruta B\u00e9tico Romana al alcance de todos con inSuit","isPartOf":{"@id":"https:\/\/www.insuit.net\/es\/#website"},"primaryImageOfPage":{"@id":"https:\/\/www.insuit.net\/es\/insuit-participa-fitur-accesibilidad\/#primaryimage"},"image":{"@id":"https:\/\/www.insuit.net\/es\/insuit-participa-fitur-accesibilidad\/#primaryimage"},"thumbnailUrl":"https:\/\/www.insuit.net\/wp-content\/uploads\/2022\/03\/fitur1-min.jpeg","datePublished":"2022-03-15T09:02:00+00:00","dateModified":"2023-06-22T15:45:33+00:00","author":{"@id":"https:\/\/www.insuit.net\/es\/#\/schema\/person\/3b8435a385b08397ca93f8733d132477"},"description":"FITUR accesibilidad, oportunidad y desarrollo. El pasado mes de enero, inSuit particip\u00f3 en la feria, \u00bfhas visto nuestro v\u00eddeo?","breadcrumb":{"@id":"https:\/\/www.insuit.net\/es\/insuit-participa-fitur-accesibilidad\/#breadcrumb"},"inLanguage":"es","potentialAction":[{"@type":"ReadAction","target":["https:\/\/www.insuit.net\/es\/insuit-participa-fitur-accesibilidad\/"]}]},{"@type":"ImageObject","inLanguage":"es","@id":"https:\/\/www.insuit.net\/es\/insuit-participa-fitur-accesibilidad\/#primaryimage","url":"https:\/\/www.insuit.net\/wp-content\/uploads\/2022\/03\/fitur1-min.jpeg","contentUrl":"https:\/\/www.insuit.net\/wp-content\/uploads\/2022\/03\/fitur1-min.jpeg","width":1024,"height":685,"caption":"juan antonio cebollada de inSuit presentando el v\u00eddeo donde se muestra la herramienta de accesibilidad funcionando sobre la web ruta b\u00e9tico romana"},{"@type":"BreadcrumbList","@id":"https:\/\/www.insuit.net\/es\/insuit-participa-fitur-accesibilidad\/#breadcrumb","itemListElement":[{"@type":"ListItem","position":1,"name":"Home","item":"https:\/\/www.insuit.net\/es\/"},{"@type":"ListItem","position":2,"name":"inSuit participa en FITUR 2022 en la presentaci\u00f3n de la accesibilidad web de la Ruta B\u00e9tica Romana"}]},{"@type":"WebSite","@id":"https:\/\/www.insuit.net\/es\/#website","url":"https:\/\/www.insuit.net\/es\/","name":"inSuit","description":"Accesibilidad web para personas con discapacidad","potentialAction":[{"@type":"SearchAction","target":{"@type":"EntryPoint","urlTemplate":"https:\/\/www.insuit.net\/es\/?s={search_term_string}"},"query-input":{"@type":"PropertyValueSpecification","valueRequired":true,"valueName":"search_term_string"}}],"inLanguage":"es"},{"@type":"Person","@id":"https:\/\/www.insuit.net\/es\/#\/schema\/person\/3b8435a385b08397ca93f8733d132477","name":"inSuit","image":{"@type":"ImageObject","inLanguage":"es","@id":"https:\/\/secure.gravatar.com\/avatar\/b731c7002353de0c18a2950e1b1f7152a3fc02185337e315c14a3df52e4106c7?s=96&d=mm&r=g","url":"https:\/\/secure.gravatar.com\/avatar\/b731c7002353de0c18a2950e1b1f7152a3fc02185337e315c14a3df52e4106c7?s=96&d=mm&r=g","contentUrl":"https:\/\/secure.gravatar.com\/avatar\/b731c7002353de0c18a2950e1b1f7152a3fc02185337e315c14a3df52e4106c7?s=96&d=mm&r=g","caption":"inSuit"},"url":"https:\/\/www.insuit.net\/es\/author\/daas\/"}]}},"_links":{"self":[{"href":"https:\/\/www.insuit.net\/es\/wp-json\/wp\/v2\/posts\/5686","targetHints":{"allow":["GET"]}}],"collection":[{"href":"https:\/\/www.insuit.net\/es\/wp-json\/wp\/v2\/posts"}],"about":[{"href":"https:\/\/www.insuit.net\/es\/wp-json\/wp\/v2\/types\/post"}],"author":[{"embeddable":true,"href":"https:\/\/www.insuit.net\/es\/wp-json\/wp\/v2\/users\/4"}],"replies":[{"embeddable":true,"href":"https:\/\/www.insuit.net\/es\/wp-json\/wp\/v2\/comments?post=5686"}],"version-history":[{"count":19,"href":"https:\/\/www.insuit.net\/es\/wp-json\/wp\/v2\/posts\/5686\/revisions"}],"predecessor-version":[{"id":9314,"href":"https:\/\/www.insuit.net\/es\/wp-json\/wp\/v2\/posts\/5686\/revisions\/9314"}],"wp:featuredmedia":[{"embeddable":true,"href":"https:\/\/www.insuit.net\/es\/wp-json\/wp\/v2\/media\/5696"}],"wp:attachment":[{"href":"https:\/\/www.insuit.net\/es\/wp-json\/wp\/v2\/media?parent=5686"}],"wp:term":[{"taxonomy":"category","embeddable":true,"href":"https:\/\/www.insuit.net\/es\/wp-json\/wp\/v2\/categories?post=5686"},{"taxonomy":"post_tag","embeddable":true,"href":"https:\/\/www.insuit.net\/es\/wp-json\/wp\/v2\/tags?post=5686"}],"curies":[{"name":"wp","href":"https:\/\/api.w.org\/{rel}","templated":true}]}}