{"id":4386,"date":"2021-04-26T10:39:51","date_gmt":"2021-04-26T08:39:51","guid":{"rendered":"https:\/\/www.insuit.net\/?p=4386"},"modified":"2023-06-26T17:35:56","modified_gmt":"2023-06-26T15:35:56","slug":"convenio-colaboracion-cocemfe-valencia-web-accesible","status":"publish","type":"post","link":"https:\/\/www.insuit.net\/es\/convenio-colaboracion-cocemfe-valencia-web-accesible\/","title":{"rendered":"COCEMFE Valencia firma un convenio de colaboraci\u00f3n con inSuit"},"content":{"rendered":"\n<p><strong>\u00a1<strong>COCEMFE<\/strong><\/strong> <strong>Valencia hace su web accesible gracias a inSuit!<\/strong> Nos complace anunciar que, el pasado viernes 23 de abril, hemos firmado un <a rel=\"noreferrer noopener\" href=\"http:\/\/cocemfevalencia.org\/es\/cocemfe-valencia-signa-un-conveni-de-col%c2%b7laboracio-amb-daas-group-empresa-valenciana-guardonada-amb-el-premi-reina-letizia-de-tecnologies-daccessibilitat-pel-seu-programa-daccessibilitat-web\/\" target=\"_blank\">convenio de colaboraci\u00f3n con la Confederaci\u00f3n Espa\u00f1ola de Personas con Discapacidad F\u00edsica y Org\u00e1nica (COCEMFE) de Valencia<\/a>. A trav\u00e9s de esta firma, COCEMFE Valencia se une a colaborar con nosotros<strong> impulsando entre las administraciones p\u00fablicas la necesidad de cumplir con las leyes de accesibilidad<\/strong> que obligan a estar alineados con los est\u00e1ndares y normativas de la accesibilidad web.<\/p>\n\n\n\n<p>Gracias a esta colaboraci\u00f3n, COCEMFE Valencia tambi\u00e9n tiene la oportunidad de<strong> incorporar a su p\u00e1gina web nuestra Plataforma de Accesibilidad inSuit Tools\u00ae<\/strong>, con la finalidad de eliminar las posibles barreras existentes hasta ahora en su portal.<\/p>\n\n\n\n<p>De este modo, <strong>COCEMFE Valencia da un paso al frente para que cada usuario, sin importar sus necesidades, pueda tener libre acceso a la informaci\u00f3n<\/strong> de inter\u00e9s que comparten a diario en su p\u00e1gina web con las distintas personas con discapacidad y familiares que la visitan.<\/p>\n\n\n\n<p>Con este convenio de colaboraci\u00f3n, queda claro que tanto para inSuit, como para COCEMFE Valencia, es de mucha importancia que los usuarios puedan <strong>acceder de una forma clara y simple a la informaci\u00f3n y contenidos <\/strong>de su web. Ya que esta informaci\u00f3n, por lo general, es un contenido que impacta directamente en la calidad de vida de sus usuarios.<\/p>\n\n\n\n<figure class=\"wp-block-image size-large\"><img fetchpriority=\"high\" decoding=\"async\" width=\"768\" height=\"576\" src=\"https:\/\/www.insuit.net\/wp-content\/uploads\/2021\/05\/convenio-colaboracion-cocemfe-valencia-web-accesible-miembros.jpg\" alt=\"convenio-colaboracion-cocemfe-valencia-web-accesible-miembros\" class=\"wp-image-4424\" srcset=\"https:\/\/www.insuit.net\/wp-content\/uploads\/2021\/05\/convenio-colaboracion-cocemfe-valencia-web-accesible-miembros.jpg 768w, https:\/\/www.insuit.net\/wp-content\/uploads\/2021\/05\/convenio-colaboracion-cocemfe-valencia-web-accesible-miembros-300x225.jpg 300w\" sizes=\"(max-width: 768px) 100vw, 768px\" \/><\/figure>\n\n\n\n<p>Por ello, celebramos el hecho de <strong>poder dejar en el pasado, las trabas que separaban a los usuarios de informaci\u00f3n tan relevante como:<\/strong> las convocatorias para las ayudas de las administraciones p\u00fablicas o privadas, informaci\u00f3n de la bolsa de empleo y actividades de formaci\u00f3n, de accesibilidad, sanidad, y contra la brecha digital.<\/p>\n\n\n\n<h2 class=\"wp-block-heading\">COCEMFE Valencia se une a inSuit para promover la accesibilidad digital entre las distintas administraciones p\u00fablicas<\/h2>\n\n\n\n<p>Pascual Castell\u00f3, presidente de la Federaci\u00f3n y Juan Antonio Cebollada, Responsable de inSuit, <strong>creen en lo necesario que es promover la accesibilidad digital entre las distintas administraciones p\u00fablicas,<\/strong> y de c\u00f3mo se puede impulsar una transformaci\u00f3n, <a rel=\"noreferrer noopener\" href=\"https:\/\/www.insuit.net\/es\/blog\/cumple-real-decreto-1112-2018-insuit-servicios360\/\" target=\"_blank\">cumpliendo las distintas exigencias que nacen de las leyes en accesibilidad web<\/a>, tal y como recoge el <a rel=\"noreferrer noopener\" href=\"https:\/\/www.boe.es\/diario_boe\/txt.php?id=BOE-A-2018-12699\" target=\"_blank\">Real Decreto 1112\/2018<\/a>; todo con la finalidad de apostar por la construcci\u00f3n de una web para todos.<\/p>\n\n\n\n<p>Es gratificante poder dar a conocer, de la mano de COCEMFE Valencia, a <a href=\"https:\/\/www.insuit.net\/es\/blog\/paginas-web-accesibles-9-millones-usuarios-insuit\/\" target=\"_blank\" rel=\"noreferrer noopener\">inSuit Tools\u00ae como la Plataforma de Accesibilidad web<\/a> <strong>que permite garantizar el acceso a los contenidos y servicios de la red, <\/strong>haciendo que disminuya la falta de accesibilidad que excluye a grupos tan importantes como el de las personas con discapacidad, personas mayores y personas con falta de conocimientos tecnol\u00f3gicos.<\/p>\n\n\n\n<p>De esta manera, <strong>COCEMFE Valencia se suma al \u201cClub de Entidades e Instituciones amigas de la Accesibilidad Web\u201d<\/strong>, que junto a COCEMFE CV y COCEMFE Alicante, <strong>cuentan con inSuit Tools\u00ae en sus p\u00e1ginas web y colaboran<\/strong> estrechamente con nosotros.<\/p>\n\n\n\n<h2 class=\"wp-block-heading\">inSuit cada vez m\u00e1s comprometida con la accesibilidad web<\/h2>\n\n\n\n<p>Para inSuit es un honor y un compromiso<strong> colaborar con una asociaci\u00f3n amiga<\/strong> que lucha por los derechos de las personas discapacitadas y nos va a ayudar a fomentar la <strong>difusi\u00f3n entre las administraciones p\u00fablicas de las leyes de accesibilidad <\/strong>que obligan a <a rel=\"noreferrer noopener\" href=\"https:\/\/www.insuit.net\/es\/blog\/actualizacion-insuit-2021\/\" target=\"_blank\">cumplir con los est\u00e1ndares y normativas de la accesibilidad web<\/a>. Una vez m\u00e1s, la uni\u00f3n hace la fuerza, y cuantos m\u00e1s seamos en este cometido,<strong> m\u00e1s webs de car\u00e1cter p\u00fablico y de servicio al ciudadano van a estar preparadas para que todos los usuarios puedan acceder a su informaci\u00f3n y servicios<\/strong>.<\/p>\n\n\n\n<figure class=\"wp-block-image size-large\"><img decoding=\"async\" width=\"768\" height=\"576\" src=\"https:\/\/www.insuit.net\/wp-content\/uploads\/2021\/05\/convenio-colaboracion-cocemfe-valencia-web-accesible-apreton-manos.jpg\" alt=\"convenio-colaboracion-cocemfe-valencia-web-accesible-apreton-manos\" class=\"wp-image-4426\" srcset=\"https:\/\/www.insuit.net\/wp-content\/uploads\/2021\/05\/convenio-colaboracion-cocemfe-valencia-web-accesible-apreton-manos.jpg 768w, https:\/\/www.insuit.net\/wp-content\/uploads\/2021\/05\/convenio-colaboracion-cocemfe-valencia-web-accesible-apreton-manos-300x225.jpg 300w\" sizes=\"(max-width: 768px) 100vw, 768px\" \/><\/figure>\n\n\n\n<p>Con esta colaboraci\u00f3n, tambi\u00e9n hacemos<strong> posible que otra instituci\u00f3n cuente con una p\u00e1gina web que ofrece una soluci\u00f3n<\/strong> factible, fiable y garantizada en accesibilidad web. Una <strong>web m\u00e1s que permite al usuario navegar libremente por una interfaz adaptada a sus necesidades, <\/strong>desde cualquier ordenador y de manera gratuita. Incluso teniendo la posibilidad de elegir la modalidad del teclado, comandos de voz, sonidos, pulsador o comunicaci\u00f3n aumentada, de una manera sencilla.<\/p>\n\n\n\n<p>Todo esto, aportando al <a href=\"https:\/\/www.insuit.net\/es\/blog\/actualizacion-insuit-2021\/\" target=\"_blank\" rel=\"noreferrer noopener\">cumplimiento de los requisitos o recomendaciones que exigen las normas para que una p\u00e1gina web<\/a> o aplicaci\u00f3n m\u00f3vil sea catalogada como accesible.<\/p>\n\n\n\n<p><strong>\u00bfEst\u00e1 tu web preparada para cumplir los est\u00e1ndares y normativas de accesibilidad? <\/strong>Si tu respuesta es no, o tienes alguna duda al respecto, <a rel=\"noreferrer noopener\" href=\"https:\/\/www.insuit.net\/es\/contacto\/\" target=\"_blank\">\u00a1no dudes en ponerte en contacto con nosotros!<\/a><\/p>\n","protected":false},"excerpt":{"rendered":"<p>\u00a1COCEMFE Valencia hace su web accesible gracias a inSuit! Nos complace anunciar que, el pasado viernes 23 de abril, hemos firmado un convenio de colaboraci\u00f3n con la Confederaci\u00f3n Espa\u00f1ola de Personas con Discapacidad F\u00edsica y Org\u00e1nica (COCEMFE) de Valencia. A trav\u00e9s de esta firma, COCEMFE Valencia se une a colaborar con nosotros impulsando entre las [&hellip;]<\/p>\n","protected":false},"author":6,"featured_media":4422,"comment_status":"open","ping_status":"open","sticky":false,"template":"","format":"standard","meta":{"_acf_changed":false,"content-type":"","footnotes":""},"categories":[30],"tags":[],"class_list":["post-4386","post","type-post","status-publish","format-standard","has-post-thumbnail","hentry","category-noticias-es"],"acf":[],"yoast_head":"<!-- This site is optimized with the Yoast SEO Premium plugin v26.1 (Yoast SEO v27.5) - https:\/\/yoast.com\/product\/yoast-seo-premium-wordpress\/ -->\n<title>COCEMFE Valencia hace su web accesible con inSuit<\/title>\n<meta name=\"description\" content=\"COCEMFE Valencia firma convenio de colaboraci\u00f3n con inSuit para garantizar la accesibilidad web y con ella el libre acceso a los contenidos.\" \/>\n<meta name=\"robots\" content=\"index, follow, max-snippet:-1, max-image-preview:large, max-video-preview:-1\" \/>\n<link rel=\"canonical\" href=\"https:\/\/www.insuit.net\/es\/convenio-colaboracion-cocemfe-valencia-web-accesible\/\" \/>\n<meta property=\"og:locale\" content=\"es_ES\" \/>\n<meta property=\"og:type\" content=\"article\" \/>\n<meta property=\"og:title\" content=\"COCEMFE Valencia firma un convenio de colaboraci\u00f3n con inSuit\" \/>\n<meta property=\"og:description\" content=\"COCEMFE Valencia firma convenio de colaboraci\u00f3n con inSuit para garantizar la accesibilidad web y con ella el libre acceso a los contenidos.\" \/>\n<meta property=\"og:url\" content=\"https:\/\/www.insuit.net\/es\/convenio-colaboracion-cocemfe-valencia-web-accesible\/\" \/>\n<meta property=\"og:site_name\" content=\"inSuit\" \/>\n<meta property=\"article:published_time\" content=\"2021-04-26T08:39:51+00:00\" \/>\n<meta property=\"article:modified_time\" content=\"2023-06-26T15:35:56+00:00\" \/>\n<meta property=\"og:image\" content=\"https:\/\/www.insuit.net\/wp-content\/uploads\/2021\/05\/convenio-colaboracion-cocemfe-valencia-web-accesible.jpg\" \/>\n\t<meta property=\"og:image:width\" content=\"768\" \/>\n\t<meta property=\"og:image:height\" content=\"576\" \/>\n\t<meta property=\"og:image:type\" content=\"image\/jpeg\" \/>\n<meta name=\"author\" content=\"David E. Cede\u00f1o (Red Proyecto Social. Discapacidad Tecnol\u00f3gia)\" \/>\n<meta name=\"twitter:card\" content=\"summary_large_image\" \/>\n<meta name=\"twitter:label1\" content=\"Escrito por\" \/>\n\t<meta name=\"twitter:data1\" content=\"David E. Cede\u00f1o (Red Proyecto Social. Discapacidad Tecnol\u00f3gia)\" \/>\n\t<meta name=\"twitter:label2\" content=\"Tiempo de lectura\" \/>\n\t<meta name=\"twitter:data2\" content=\"4 minutos\" \/>\n<script type=\"application\/ld+json\" class=\"yoast-schema-graph\">{\"@context\":\"https:\\\/\\\/schema.org\",\"@graph\":[{\"@type\":\"Article\",\"@id\":\"https:\\\/\\\/www.insuit.net\\\/es\\\/convenio-colaboracion-cocemfe-valencia-web-accesible\\\/#article\",\"isPartOf\":{\"@id\":\"https:\\\/\\\/www.insuit.net\\\/es\\\/convenio-colaboracion-cocemfe-valencia-web-accesible\\\/\"},\"author\":{\"name\":\"David E. Cede\u00f1o (Red Proyecto Social. Discapacidad Tecnol\u00f3gia)\",\"@id\":\"https:\\\/\\\/www.insuit.net\\\/es\\\/#\\\/schema\\\/person\\\/156a6d9c5bf1636c78bd2f7b84662aa2\"},\"headline\":\"COCEMFE Valencia firma un convenio de colaboraci\u00f3n con inSuit\",\"datePublished\":\"2021-04-26T08:39:51+00:00\",\"dateModified\":\"2023-06-26T15:35:56+00:00\",\"mainEntityOfPage\":{\"@id\":\"https:\\\/\\\/www.insuit.net\\\/es\\\/convenio-colaboracion-cocemfe-valencia-web-accesible\\\/\"},\"wordCount\":751,\"commentCount\":0,\"image\":{\"@id\":\"https:\\\/\\\/www.insuit.net\\\/es\\\/convenio-colaboracion-cocemfe-valencia-web-accesible\\\/#primaryimage\"},\"thumbnailUrl\":\"https:\\\/\\\/www.insuit.net\\\/wp-content\\\/uploads\\\/2021\\\/05\\\/convenio-colaboracion-cocemfe-valencia-web-accesible.jpg\",\"articleSection\":[\"Noticias es\"],\"inLanguage\":\"es\",\"potentialAction\":[{\"@type\":\"CommentAction\",\"name\":\"Comment\",\"target\":[\"https:\\\/\\\/www.insuit.net\\\/es\\\/convenio-colaboracion-cocemfe-valencia-web-accesible\\\/#respond\"]}]},{\"@type\":\"WebPage\",\"@id\":\"https:\\\/\\\/www.insuit.net\\\/es\\\/convenio-colaboracion-cocemfe-valencia-web-accesible\\\/\",\"url\":\"https:\\\/\\\/www.insuit.net\\\/es\\\/convenio-colaboracion-cocemfe-valencia-web-accesible\\\/\",\"name\":\"COCEMFE Valencia hace su web accesible con inSuit\",\"isPartOf\":{\"@id\":\"https:\\\/\\\/www.insuit.net\\\/es\\\/#website\"},\"primaryImageOfPage\":{\"@id\":\"https:\\\/\\\/www.insuit.net\\\/es\\\/convenio-colaboracion-cocemfe-valencia-web-accesible\\\/#primaryimage\"},\"image\":{\"@id\":\"https:\\\/\\\/www.insuit.net\\\/es\\\/convenio-colaboracion-cocemfe-valencia-web-accesible\\\/#primaryimage\"},\"thumbnailUrl\":\"https:\\\/\\\/www.insuit.net\\\/wp-content\\\/uploads\\\/2021\\\/05\\\/convenio-colaboracion-cocemfe-valencia-web-accesible.jpg\",\"datePublished\":\"2021-04-26T08:39:51+00:00\",\"dateModified\":\"2023-06-26T15:35:56+00:00\",\"author\":{\"@id\":\"https:\\\/\\\/www.insuit.net\\\/es\\\/#\\\/schema\\\/person\\\/156a6d9c5bf1636c78bd2f7b84662aa2\"},\"description\":\"COCEMFE Valencia firma convenio de colaboraci\u00f3n con inSuit para garantizar la accesibilidad web y con ella el libre acceso a los contenidos.\",\"breadcrumb\":{\"@id\":\"https:\\\/\\\/www.insuit.net\\\/es\\\/convenio-colaboracion-cocemfe-valencia-web-accesible\\\/#breadcrumb\"},\"inLanguage\":\"es\",\"potentialAction\":[{\"@type\":\"ReadAction\",\"target\":[\"https:\\\/\\\/www.insuit.net\\\/es\\\/convenio-colaboracion-cocemfe-valencia-web-accesible\\\/\"]}]},{\"@type\":\"ImageObject\",\"inLanguage\":\"es\",\"@id\":\"https:\\\/\\\/www.insuit.net\\\/es\\\/convenio-colaboracion-cocemfe-valencia-web-accesible\\\/#primaryimage\",\"url\":\"https:\\\/\\\/www.insuit.net\\\/wp-content\\\/uploads\\\/2021\\\/05\\\/convenio-colaboracion-cocemfe-valencia-web-accesible.jpg\",\"contentUrl\":\"https:\\\/\\\/www.insuit.net\\\/wp-content\\\/uploads\\\/2021\\\/05\\\/convenio-colaboracion-cocemfe-valencia-web-accesible.jpg\",\"width\":768,\"height\":576,\"caption\":\"juan antonio socio de insuit est\u00e1 sentado en una mensa con otra persona firmando el convenio de colaboracion con cocemfe valencia\"},{\"@type\":\"BreadcrumbList\",\"@id\":\"https:\\\/\\\/www.insuit.net\\\/es\\\/convenio-colaboracion-cocemfe-valencia-web-accesible\\\/#breadcrumb\",\"itemListElement\":[{\"@type\":\"ListItem\",\"position\":1,\"name\":\"Home\",\"item\":\"https:\\\/\\\/www.insuit.net\\\/es\\\/\"},{\"@type\":\"ListItem\",\"position\":2,\"name\":\"COCEMFE Valencia firma un convenio de colaboraci\u00f3n con inSuit\"}]},{\"@type\":\"WebSite\",\"@id\":\"https:\\\/\\\/www.insuit.net\\\/es\\\/#website\",\"url\":\"https:\\\/\\\/www.insuit.net\\\/es\\\/\",\"name\":\"inSuit\",\"description\":\"Accesibilidad web para personas con discapacidad\",\"potentialAction\":[{\"@type\":\"SearchAction\",\"target\":{\"@type\":\"EntryPoint\",\"urlTemplate\":\"https:\\\/\\\/www.insuit.net\\\/es\\\/?s={search_term_string}\"},\"query-input\":{\"@type\":\"PropertyValueSpecification\",\"valueRequired\":true,\"valueName\":\"search_term_string\"}}],\"inLanguage\":\"es\"},{\"@type\":\"Person\",\"@id\":\"https:\\\/\\\/www.insuit.net\\\/es\\\/#\\\/schema\\\/person\\\/156a6d9c5bf1636c78bd2f7b84662aa2\",\"name\":\"David E. Cede\u00f1o (Red Proyecto Social. Discapacidad Tecnol\u00f3gia)\",\"image\":{\"@type\":\"ImageObject\",\"inLanguage\":\"es\",\"@id\":\"https:\\\/\\\/secure.gravatar.com\\\/avatar\\\/c896db99194d991fb8864c13c6f73d2102ffffe3f1ad3dada21ab80bd5bd3c35?s=96&d=mm&r=g\",\"url\":\"https:\\\/\\\/secure.gravatar.com\\\/avatar\\\/c896db99194d991fb8864c13c6f73d2102ffffe3f1ad3dada21ab80bd5bd3c35?s=96&d=mm&r=g\",\"contentUrl\":\"https:\\\/\\\/secure.gravatar.com\\\/avatar\\\/c896db99194d991fb8864c13c6f73d2102ffffe3f1ad3dada21ab80bd5bd3c35?s=96&d=mm&r=g\",\"caption\":\"David E. Cede\u00f1o (Red Proyecto Social. Discapacidad Tecnol\u00f3gia)\"},\"sameAs\":[\"https:\\\/\\\/redproyectosocial.org\\\/\"],\"url\":\"https:\\\/\\\/www.insuit.net\\\/es\\\/author\\\/david-red2\\\/\"}]}<\/script>\n<!-- \/ Yoast SEO Premium plugin. -->","yoast_head_json":{"title":"COCEMFE Valencia hace su web accesible con inSuit","description":"COCEMFE Valencia firma convenio de colaboraci\u00f3n con inSuit para garantizar la accesibilidad web y con ella el libre acceso a los contenidos.","robots":{"index":"index","follow":"follow","max-snippet":"max-snippet:-1","max-image-preview":"max-image-preview:large","max-video-preview":"max-video-preview:-1"},"canonical":"https:\/\/www.insuit.net\/es\/convenio-colaboracion-cocemfe-valencia-web-accesible\/","og_locale":"es_ES","og_type":"article","og_title":"COCEMFE Valencia firma un convenio de colaboraci\u00f3n con inSuit","og_description":"COCEMFE Valencia firma convenio de colaboraci\u00f3n con inSuit para garantizar la accesibilidad web y con ella el libre acceso a los contenidos.","og_url":"https:\/\/www.insuit.net\/es\/convenio-colaboracion-cocemfe-valencia-web-accesible\/","og_site_name":"inSuit","article_published_time":"2021-04-26T08:39:51+00:00","article_modified_time":"2023-06-26T15:35:56+00:00","og_image":[{"width":768,"height":576,"url":"https:\/\/www.insuit.net\/wp-content\/uploads\/2021\/05\/convenio-colaboracion-cocemfe-valencia-web-accesible.jpg","type":"image\/jpeg"}],"author":"David E. Cede\u00f1o (Red Proyecto Social. Discapacidad Tecnol\u00f3gia)","twitter_card":"summary_large_image","twitter_misc":{"Escrito por":"David E. Cede\u00f1o (Red Proyecto Social. Discapacidad Tecnol\u00f3gia)","Tiempo de lectura":"4 minutos"},"schema":{"@context":"https:\/\/schema.org","@graph":[{"@type":"Article","@id":"https:\/\/www.insuit.net\/es\/convenio-colaboracion-cocemfe-valencia-web-accesible\/#article","isPartOf":{"@id":"https:\/\/www.insuit.net\/es\/convenio-colaboracion-cocemfe-valencia-web-accesible\/"},"author":{"name":"David E. Cede\u00f1o (Red Proyecto Social. Discapacidad Tecnol\u00f3gia)","@id":"https:\/\/www.insuit.net\/es\/#\/schema\/person\/156a6d9c5bf1636c78bd2f7b84662aa2"},"headline":"COCEMFE Valencia firma un convenio de colaboraci\u00f3n con inSuit","datePublished":"2021-04-26T08:39:51+00:00","dateModified":"2023-06-26T15:35:56+00:00","mainEntityOfPage":{"@id":"https:\/\/www.insuit.net\/es\/convenio-colaboracion-cocemfe-valencia-web-accesible\/"},"wordCount":751,"commentCount":0,"image":{"@id":"https:\/\/www.insuit.net\/es\/convenio-colaboracion-cocemfe-valencia-web-accesible\/#primaryimage"},"thumbnailUrl":"https:\/\/www.insuit.net\/wp-content\/uploads\/2021\/05\/convenio-colaboracion-cocemfe-valencia-web-accesible.jpg","articleSection":["Noticias es"],"inLanguage":"es","potentialAction":[{"@type":"CommentAction","name":"Comment","target":["https:\/\/www.insuit.net\/es\/convenio-colaboracion-cocemfe-valencia-web-accesible\/#respond"]}]},{"@type":"WebPage","@id":"https:\/\/www.insuit.net\/es\/convenio-colaboracion-cocemfe-valencia-web-accesible\/","url":"https:\/\/www.insuit.net\/es\/convenio-colaboracion-cocemfe-valencia-web-accesible\/","name":"COCEMFE Valencia hace su web accesible con inSuit","isPartOf":{"@id":"https:\/\/www.insuit.net\/es\/#website"},"primaryImageOfPage":{"@id":"https:\/\/www.insuit.net\/es\/convenio-colaboracion-cocemfe-valencia-web-accesible\/#primaryimage"},"image":{"@id":"https:\/\/www.insuit.net\/es\/convenio-colaboracion-cocemfe-valencia-web-accesible\/#primaryimage"},"thumbnailUrl":"https:\/\/www.insuit.net\/wp-content\/uploads\/2021\/05\/convenio-colaboracion-cocemfe-valencia-web-accesible.jpg","datePublished":"2021-04-26T08:39:51+00:00","dateModified":"2023-06-26T15:35:56+00:00","author":{"@id":"https:\/\/www.insuit.net\/es\/#\/schema\/person\/156a6d9c5bf1636c78bd2f7b84662aa2"},"description":"COCEMFE Valencia firma convenio de colaboraci\u00f3n con inSuit para garantizar la accesibilidad web y con ella el libre acceso a los contenidos.","breadcrumb":{"@id":"https:\/\/www.insuit.net\/es\/convenio-colaboracion-cocemfe-valencia-web-accesible\/#breadcrumb"},"inLanguage":"es","potentialAction":[{"@type":"ReadAction","target":["https:\/\/www.insuit.net\/es\/convenio-colaboracion-cocemfe-valencia-web-accesible\/"]}]},{"@type":"ImageObject","inLanguage":"es","@id":"https:\/\/www.insuit.net\/es\/convenio-colaboracion-cocemfe-valencia-web-accesible\/#primaryimage","url":"https:\/\/www.insuit.net\/wp-content\/uploads\/2021\/05\/convenio-colaboracion-cocemfe-valencia-web-accesible.jpg","contentUrl":"https:\/\/www.insuit.net\/wp-content\/uploads\/2021\/05\/convenio-colaboracion-cocemfe-valencia-web-accesible.jpg","width":768,"height":576,"caption":"juan antonio socio de insuit est\u00e1 sentado en una mensa con otra persona firmando el convenio de colaboracion con cocemfe valencia"},{"@type":"BreadcrumbList","@id":"https:\/\/www.insuit.net\/es\/convenio-colaboracion-cocemfe-valencia-web-accesible\/#breadcrumb","itemListElement":[{"@type":"ListItem","position":1,"name":"Home","item":"https:\/\/www.insuit.net\/es\/"},{"@type":"ListItem","position":2,"name":"COCEMFE Valencia firma un convenio de colaboraci\u00f3n con inSuit"}]},{"@type":"WebSite","@id":"https:\/\/www.insuit.net\/es\/#website","url":"https:\/\/www.insuit.net\/es\/","name":"inSuit","description":"Accesibilidad web para personas con discapacidad","potentialAction":[{"@type":"SearchAction","target":{"@type":"EntryPoint","urlTemplate":"https:\/\/www.insuit.net\/es\/?s={search_term_string}"},"query-input":{"@type":"PropertyValueSpecification","valueRequired":true,"valueName":"search_term_string"}}],"inLanguage":"es"},{"@type":"Person","@id":"https:\/\/www.insuit.net\/es\/#\/schema\/person\/156a6d9c5bf1636c78bd2f7b84662aa2","name":"David E. Cede\u00f1o (Red Proyecto Social. Discapacidad Tecnol\u00f3gia)","image":{"@type":"ImageObject","inLanguage":"es","@id":"https:\/\/secure.gravatar.com\/avatar\/c896db99194d991fb8864c13c6f73d2102ffffe3f1ad3dada21ab80bd5bd3c35?s=96&d=mm&r=g","url":"https:\/\/secure.gravatar.com\/avatar\/c896db99194d991fb8864c13c6f73d2102ffffe3f1ad3dada21ab80bd5bd3c35?s=96&d=mm&r=g","contentUrl":"https:\/\/secure.gravatar.com\/avatar\/c896db99194d991fb8864c13c6f73d2102ffffe3f1ad3dada21ab80bd5bd3c35?s=96&d=mm&r=g","caption":"David E. Cede\u00f1o (Red Proyecto Social. Discapacidad Tecnol\u00f3gia)"},"sameAs":["https:\/\/redproyectosocial.org\/"],"url":"https:\/\/www.insuit.net\/es\/author\/david-red2\/"}]}},"_links":{"self":[{"href":"https:\/\/www.insuit.net\/es\/wp-json\/wp\/v2\/posts\/4386","targetHints":{"allow":["GET"]}}],"collection":[{"href":"https:\/\/www.insuit.net\/es\/wp-json\/wp\/v2\/posts"}],"about":[{"href":"https:\/\/www.insuit.net\/es\/wp-json\/wp\/v2\/types\/post"}],"author":[{"embeddable":true,"href":"https:\/\/www.insuit.net\/es\/wp-json\/wp\/v2\/users\/6"}],"replies":[{"embeddable":true,"href":"https:\/\/www.insuit.net\/es\/wp-json\/wp\/v2\/comments?post=4386"}],"version-history":[{"count":12,"href":"https:\/\/www.insuit.net\/es\/wp-json\/wp\/v2\/posts\/4386\/revisions"}],"predecessor-version":[{"id":9367,"href":"https:\/\/www.insuit.net\/es\/wp-json\/wp\/v2\/posts\/4386\/revisions\/9367"}],"wp:featuredmedia":[{"embeddable":true,"href":"https:\/\/www.insuit.net\/es\/wp-json\/wp\/v2\/media\/4422"}],"wp:attachment":[{"href":"https:\/\/www.insuit.net\/es\/wp-json\/wp\/v2\/media?parent=4386"}],"wp:term":[{"taxonomy":"category","embeddable":true,"href":"https:\/\/www.insuit.net\/es\/wp-json\/wp\/v2\/categories?post=4386"},{"taxonomy":"post_tag","embeddable":true,"href":"https:\/\/www.insuit.net\/es\/wp-json\/wp\/v2\/tags?post=4386"}],"curies":[{"name":"wp","href":"https:\/\/api.w.org\/{rel}","templated":true}]}}