{"id":31349,"date":"2025-12-12T10:00:00","date_gmt":"2025-12-12T09:00:00","guid":{"rendered":"https:\/\/www.insuit.net\/?p=31349"},"modified":"2026-02-10T15:47:28","modified_gmt":"2026-02-10T14:47:28","slug":"grados-de-discapacidad","status":"publish","type":"post","link":"https:\/\/www.insuit.net\/es\/grados-de-discapacidad\/","title":{"rendered":"Grados de discapacidad: c\u00f3mo influyen en la accesibilidad digital real"},"content":{"rendered":"\n<p>Conocer los <strong>grados de discapacidad<\/strong> es fundamental para desarrollar tecnolog\u00edas accesibles que permitan a todas las personas interactuar con ellas. En el entorno digital, es clave poder ofrecer aplicaciones y p\u00e1ginas web accesibles a todo el mundo.<\/p>\n\n\n\n<p>Adem\u00e1s, una web accesible mejora tu posicionamiento SEO, fortalece tu reputaci\u00f3n corporativa y <a href=\"https:\/\/www.insuit.net\/es\/plataforma-insuit-accesibilidad-digital\/\"><strong>garantiza el cumplimiento normativo<\/strong><\/a>.<\/p>\n\n\n\n<p>A lo largo de este art\u00edculo, analizaremos en detalle <strong>c\u00f3mo los diferentes grados de discapacidad afectan la interacci\u00f3n con los sitios web<\/strong>, qu\u00e9 errores debes evitar al adaptar tu presencia digital y, sobre todo, c\u00f3mo puedes implementar soluciones efectivas para convertir tu web en un espacio verdaderamente inclusivo para todos los usuarios.<\/p>\n\n\n\n<h2 class=\"wp-block-heading\" id=\"h-que-son-los-grados-de-discapacidad-y-como-se-clasifican\">\u00bfQu\u00e9 son los grados de discapacidad y c\u00f3mo se clasifican?<\/h2>\n\n\n\n<p>Los <strong>grados de discapacidad<\/strong> constituyen un sistema oficial de clasificaci\u00f3n que mide el nivel de limitaciones que experimenta una persona en su vida cotidiana. Seg\u00fan el Real Decreto 888\/2022, estas clasificaciones son fundamentales para determinar el acceso a derechos, prestaciones y apoyos espec\u00edficos.<\/p>\n\n\n\n<p>La clasificaci\u00f3n oficial establece <strong>cuatro clases principales de grados de discapacidad<\/strong>, cada una con un porcentaje asociado que refleja el impacto en la autonom\u00eda personal:<\/p>\n\n\n\n<h3 class=\"wp-block-heading\" id=\"h-grado-nulo-autonomia-plena\">Grado nulo: autonom\u00eda plena<\/h3>\n\n\n\n<p>Con un porcentaje del 0%, este nivel describe a personas que realizan todas las actividades diarias y en el entorno digital sin necesidad de apoyos externos.&nbsp;<\/p>\n\n\n\n<h3 class=\"wp-block-heading\" id=\"h-grado-leve-autonomia-con-apoyos-puntuales\">Grado leve: autonom\u00eda con apoyos puntuales<\/h3>\n\n\n\n<p>Con un porcentaje entre el 5% y 24%, este nivel corresponde a personas que mantienen independencia en pr\u00e1cticamente todas las actividades diarias.&nbsp;<\/p>\n\n\n\n<p>En el entorno digital, estos usuarios pueden navegar con relativa facilidad, aunque ocasionalmente necesitan adaptaciones simples como ajustes de texto o contraste. Su experiencia web suele ser fluida con m\u00ednimas modificaciones.<\/p>\n\n\n\n<h3 class=\"wp-block-heading\" id=\"h-grado-moderado-limitaciones-frecuentes-en-la-navegacion\">Grado moderado: limitaciones frecuentes en la navegaci\u00f3n<\/h3>\n\n\n\n<p>Abarca del 25% al 49% y representa una dificultad moderada para realizar actividades cotidianas, manteniendo independencia en autocuidado.&nbsp;<\/p>\n\n\n\n<p>En contextos digitales, estos usuarios enfrentan barreras frecuentes que requieren soluciones espec\u00edficas como navegaci\u00f3n simplificada o ampliaci\u00f3n de contenido.<\/p>\n\n\n\n<h3 class=\"wp-block-heading\" id=\"h-grado-grave-dependencia-de-tecnologias-de-asistencia\">Grado grave: dependencia de tecnolog\u00edas de asistencia<\/h3>\n\n\n\n<p>Con un porcentaje entre 50% y 95%, implica dificultades graves para actividades diarias, incluyendo posibles limitaciones en autocuidado.&nbsp;<\/p>\n\n\n\n<p>Estos usuarios dependen considerablemente de tecnolog\u00edas de asistencia como lectores de pantalla, programas de reconocimiento de voz o software especializado para navegar por internet.<\/p>\n\n\n\n<h3 class=\"wp-block-heading\" id=\"h-grado-muy-grave-barreras-criticas-para-el-acceso-digital\">Grado muy grave: barreras cr\u00edticas para el acceso digital<\/h3>\n\n\n\n<p>Cuando el porcentaje oscila entre 96% y 100%, la persona presenta imposibilidad para realizar casi todas las actividades cotidianas, incluido el autocuidado.&nbsp;<\/p>\n\n\n\n<p>Para este grupo, el acceso digital requiere soluciones avanzadas y personalizadas que combinen m\u00faltiples tecnolog\u00edas asistivas y dise\u00f1o web completamente adaptado.<\/p>\n\n\n\n<h3 class=\"wp-block-heading\" id=\"h-ejemplos-reales-de-barreras-digitales-segun-el-grado\">Ejemplos reales de barreras digitales seg\u00fan el grado<\/h3>\n\n\n\n<p>Los obst\u00e1culos m\u00e1s frecuentes var\u00edan seg\u00fan la severidad de la discapacidad:<\/p>\n\n\n\n<ul class=\"wp-block-list\">\n<li>Para usuarios con <strong>discapacidad visual<\/strong>: imposibilidad de operar con el teclado, ausencia de textos alternativos para elementos no textuales y bajo contraste.<\/li>\n\n\n\n<li>Para personas con <strong>discapacidad auditiva<\/strong>: v\u00eddeos sin subt\u00edtulos o transcripciones adecuadas.<\/li>\n\n\n\n<li>Para quienes tienen <strong>discapacidad motriz<\/strong>: botones o enlaces demasiado peque\u00f1os (menos de 24px) y funciones que requieren precisi\u00f3n con el rat\u00f3n.<\/li>\n\n\n\n<li>Para usuarios con <strong>discapacidad cognitiva<\/strong>: dise\u00f1os complejos, formularios confusos y textos t\u00e9cnicos sin explicaciones claras.<\/li>\n<\/ul>\n\n\n\n<h2 class=\"wp-block-heading\" id=\"h-pasos-para-disenar-webs-usables-y-accesibles-para-todos-los-grados-de-discapacidad\">Pasos para dise\u00f1ar webs usables y accesibles para todos los grados de discapacidad<\/h2>\n\n\n\n<p>Para crear un sitio web verdaderamente accesible para todos los <strong>grados de discapacidad<\/strong>, debes implementar soluciones adaptadas a diferentes necesidades. Adem\u00e1s, este enfoque te invita a cumplir la normativa y a evitar sanciones.<\/p>\n\n\n\n<h3 class=\"wp-block-heading\" id=\"h-1-aplicar-los-principios-wcag-perceptible-operable-comprensible-y-robusto\">1. Aplicar los principios WCAG: perceptible, operable, comprensible y robusto<\/h3>\n\n\n\n<p>Las WCAG (Web Content Accessibility Guidelines) son el est\u00e1ndar internacional que establece cuatro principios fundamentales:<\/p>\n\n\n\n<ul class=\"wp-block-list\">\n<li><strong>Perceptible<\/strong>: La informaci\u00f3n debe ser presentada de forma que cualquier usuario pueda percibirla, independientemente de sus capacidades sensoriales.<\/li>\n\n\n\n<li><strong>Operable<\/strong>: Los componentes de la interfaz deben ser navegables por cualquier persona, incluidas aquellas que solo utilizan teclado.<\/li>\n\n\n\n<li><strong>Comprensible<\/strong>: El contenido y la operaci\u00f3n de la web deben ser entendibles para todos.<\/li>\n\n\n\n<li><strong>Robusto<\/strong>: El contenido debe ser interpretable por diversas tecnolog\u00edas, incluidas las asistivas.<\/li>\n<\/ul>\n\n\n\n<h3 class=\"wp-block-heading\" id=\"h-2-usar-contraste-alto-y-tipografias-legibles\">2. Usar contraste alto y tipograf\u00edas legibles<\/h3>\n\n\n\n<p>Implementa una relaci\u00f3n de contraste de al menos 4.5:1 para texto normal y 3:1 para texto grande, asegurando legibilidad para personas con discapacidad visual. Elige tipograf\u00edas sans-serif con espaciado consistente, beneficiando especialmente a usuarios con dislexia.<\/p>\n\n\n\n<h3 class=\"wp-block-heading\" id=\"h-3-incluir-navegacion-por-teclado-y-lectores-de-pantalla\">3. Incluir navegaci\u00f3n por teclado y lectores de pantalla<\/h3>\n\n\n\n<p>Aseg\u00farate de que todas las funciones sean accesibles mediante teclado, crucial para personas con discapacidades motrices que no pueden usar rat\u00f3n. Establece un orden l\u00f3gico de foco y dest\u00e1calo visualmente. Implementa atributos ARIA para mejorar la compatibilidad con lectores de pantalla.<\/p>\n\n\n\n<h3 class=\"wp-block-heading\" id=\"h-4-anadir-subtitulos-audiodescripcion-y-texto-alternativo\">4. A\u00f1adir subt\u00edtulos, audiodescripci\u00f3n y texto alternativo<\/h3>\n\n\n\n<p>Proporciona alternativas textuales para todo contenido no textual. Para v\u00eddeos, incluye subt\u00edtulos y audiodescripci\u00f3n seg\u00fan la norma UNE 153020. Las descripciones deben ser contextuales, no solo literales.<\/p>\n\n\n\n<h3 class=\"wp-block-heading\" id=\"h-5-validacion-con-usuarios-reales\">5. Validaci\u00f3n con usuarios reales<\/h3>\n\n\n\n<p>Aunque las herramientas autom\u00e1ticas son indispensables, debes complementarlas con pruebas manuales y, sobre todo, con testeo por usuarios reales con diferentes grados de discapacidad.<\/p>\n\n\n\n<h2 class=\"wp-block-heading\" id=\"h-errores-al-adaptar-tu-web-a-distintos-grados-de-discapacidad\">Errores al adaptar tu web a distintos grados de discapacidad<\/h2>\n\n\n\n<p>Al ignorar aspectos cruciales de la accesibilidad web, tu empresa se expone a problemas legales. Examinemos los errores m\u00e1s frecuentes que debes evitar.<\/p>\n\n\n\n<h3 class=\"wp-block-heading\" id=\"h-1-ignorar-la-diversidad-de-perfiles-de-usuario\">1. Ignorar la diversidad de perfiles de usuario<\/h3>\n\n\n\n<p>Un error fundamental es optimizar tu web considerando \u00fanicamente un tipo de discapacidad. La accesibilidad nunca debe enfocarse solo en personas ciegas o con una discapacidad espec\u00edfica.&nbsp;<\/p>\n\n\n\n<p>Por el contrario, <strong>debes aplicar todas las recomendaciones y est\u00e1ndares de la W3C<\/strong> para garantizar que tu sitio sea accesible para todas las personas, independientemente de sus capacidades.<\/p>\n\n\n\n<h3 class=\"wp-block-heading\" id=\"h-2-confiar-solo-en-soluciones-automaticas-sin-supervision-humana\">2. Confiar solo en soluciones autom\u00e1ticas sin supervisi\u00f3n humana<\/h3>\n\n\n\n<p>Aunque existen herramientas automatizadas que detectan errores de accesibilidad, estas solo validan aproximadamente el 20% de los <a href=\"https:\/\/www.insuit.net\/es\/pautas-accesibilidad-contenido-web\/\">criterios de accesibilidad<\/a>.<\/p>\n\n\n\n<p>Siempre es necesario contar con un equipo de expertos en accesibilidad digital que realice una auditor\u00eda manual para complementar y validar los resultados de las soluciones que operan de forma autom\u00e1tica o mediante inteligencia artificial.&nbsp;<\/p>\n\n\n\n<p>Solo as\u00ed es posible cubrir el m\u00e1ximo n\u00famero de criterios de evaluaci\u00f3n y asegurar el cumplimiento de las recomendaciones, as\u00ed como de las normativas t\u00e9cnicas y legales.<\/p>\n\n\n\n<h3 class=\"wp-block-heading\" id=\"h-3-no-cumplir-con-el-nivel-aa-de-wcag-2-1-exigido-por-la-normativa-europea-y-espanola\">3. No cumplir con el nivel AA de WCAG 2.1 exigido por la normativa europea y espa\u00f1ola<\/h3>\n\n\n\n<p>La legislaci\u00f3n espa\u00f1ola, a trav\u00e9s del Real Decreto 1112\/2018 y la Ley 11\/2023, exige cumplir la norma europea <strong>EN 301 549<\/strong>, que se basa en las <strong>WCAG 2.1 nivel AA<\/strong>. Estos criterios constituyen el m\u00ednimo legal para garantizar una experiencia accesible.<\/p>\n\n\n\n<p>Aunque <strong>WCAG 2.2 a\u00fan no es obligatoria<\/strong>, ampl\u00eda y mejora WCAG 2.1. Por ello, cumplir WCAG 2.2 AA implica ajustarse a la normativa vigente y adem\u00e1s ofrecer un mayor nivel de accesibilidad para un espectro m\u00e1s amplio de usuarios.<\/p>\n\n\n\n<h3 class=\"wp-block-heading\" id=\"h-4-no-considerar-la-accesibilidad-desde-el-diseno-inicial-de-la-web-o-app\">4. No considerar la accesibilidad desde el dise\u00f1o inicial de la web o app<\/h3>\n\n\n\n<p>Implementar la accesibilidad posteriormente puede costar hasta 30 veces m\u00e1s comparado con implementarla desde la fase de dise\u00f1o y&nbsp; desarrollo de un proyecto. Adem\u00e1s, muchos requisitos afectan la arquitectura de informaci\u00f3n y estructura del sitio, elementos dif\u00edciles de modificar una vez desarrollados.&nbsp;<\/p>\n\n\n\n<h2 class=\"wp-block-heading\" id=\"h-como-insuit-convierte-tu-web-y-app-en-un-espacio-accesible\">C\u00f3mo inSuit convierte tu web y app en un espacio accesible<\/h2>\n\n\n\n<p>Con la plataforma inSuit 360\u2122 y el <a href=\"https:\/\/www.insuit.net\/es\/servicio-integral-accesibilidad-digital\/\" target=\"_blank\" rel=\"noreferrer noopener\"><strong>Servicio Integral de Accesibilidad digital (SIA\u00ae)<\/strong><\/a> es posible conseguir que todas las personas consigan accesibilidad total al mundo digital y que las organizaciones garanticen su cumplimiento normativo.<\/p>\n\n\n\n<p>Transformar tu web en un espacio inclusivo ya es posible mediante soluciones tecnol\u00f3gicas avanzadas.<strong> inSuit ofrece una plataforma integral<\/strong> que responde espec\u00edficamente a los distintos grados de discapacidad sin alterar el c\u00f3digo original de tu sitio.<\/p>\n\n\n\n<h3 class=\"wp-block-heading\" id=\"h-mejora-en-tiempo-real-de-la-accesibilidad-y-navegacion-accesible-segun-el-perfil-del-usuario\">Mejora en tiempo real de la accesibilidad y navegaci\u00f3n accesible seg\u00fan el perfil del usuario<\/h3>\n\n\n\n<p>Las herramientas de navegaci\u00f3n accesible <strong>inSuit Tools\u2122<\/strong>, junto con el servicio de remediaci\u00f3n <strong>inSuit Remedy\u2122<\/strong>, transforman tu p\u00e1gina web en tiempo real para hacerla m\u00e1s accesible.<\/p>\n\n\n\n<p>A trav\u00e9s de una pesta\u00f1a o enlace habilitado, el usuario puede activar f\u00e1cilmente las herramientas que mejor se adapten a sus necesidades, gracias a interfaces espec\u00edficas que cubren distintos tipos de discapacidad y permiten navegar mediante control por teclado, comandos de voz, lectura de p\u00e1gina, entre otras opciones.<\/p>\n\n\n\n<p>Adem\u00e1s, de forma transparente para el usuario, el sistema modifica en tiempo real el c\u00f3digo de la web o de la aplicaci\u00f3n m\u00f3vil para mejorar su accesibilidad. Esto contribuye a una mejor calificaci\u00f3n t\u00e9cnica y optimiza el funcionamiento de dispositivos de apoyo externos.<\/p>\n\n\n\n<h3 class=\"wp-block-heading\" id=\"h-cumplimiento-normativo-del-sector-publico-y-privado\">Cumplimiento normativo del sector p\u00fablico y privado<\/h3>\n\n\n\n<p>La plataforma y sus servicios 360, respaldados por un equipo de expertos, asegura el cumplimiento de todas las normativas nacionales e internacionales de accesibilidad web, generalmente basadas en la norma t\u00e9cnica europea EN 301 549 y las directrices WCAG 2.1 nivel AA, como el Real Decreto 1112\/2018 y la Ley 11\/2023 de Espa\u00f1a.<\/p>\n\n\n\n<p>Adem\u00e1s, con <a href=\"https:\/\/www.insuit.net\/es\/accesibilidad-digital-empresarial\/\" target=\"_blank\" rel=\"noreferrer noopener\"><strong>inSuit Compliance\u2122<\/strong><\/a>, que forma parte de la <strong>plataforma inSuit 360\u2122<\/strong>, puedes gestionar de forma centralizada el grado de conformidad de tus sitios y aplicaciones, realizar evaluaciones autom\u00e1ticas y asistidas, generar informes y declaraciones oficiales de accesibilidad, supervisar el ciclo completo de auditor\u00eda, y atender los procesos obligatorios de seguimiento, incidencias y mejora continua.<\/p>\n\n\n\n<h3 class=\"wp-block-heading\" id=\"h-desarrollo-accesible-desde-la-fase-del-diseno\">Desarrollo accesible desde la fase del dise\u00f1o<\/h3>\n\n\n\n<p>A trav\u00e9s de la fase 0 del SIA\u00ae (Servicio Integral de Accesibilidad digital), se aplica el desarrollo accesible desde la fase de dise\u00f1o asegurando que los proyectos web y de aplicaciones m\u00f3viles integren la accesibilidad desde el inicio, con consultor\u00eda especializada, validaciones t\u00e9cnicas tempranas, herramientas de apoyo y formaci\u00f3n para detectar y corregir barreras cuanto antes, reduciendo costes y garantizando una experiencia inclusiva y conforme a est\u00e1ndares internacionales.<\/p>\n\n\n\n<h3 class=\"wp-block-heading\" id=\"h-reconocimientos-oficiales-y-mas-de-20-anos-de-experiencia\">Reconocimientos oficiales y m\u00e1s de 20 a\u00f1os de experiencia<\/h3>\n\n\n\n<p>inSuit ha sido galardonada con el Premio Reina Letizia de Tecnolog\u00edas de Accesibilidad y la consultora <strong>Gartner\u00ae la ha incluido en su prestigiosa Market Guide for Digital Accessibility, <\/strong>lo que le convierte en la \u00fanica empresa espa\u00f1ola en el top 10 de proveedores globales de accesibilidad digital a nivel mundial.&nbsp;<\/p>\n\n\n\n<p>M\u00e1s de 1.200 portales web ya utilizan las soluciones de inSuit, que superan los 60 millones de usuarios y tienen presencia internacional en pa\u00edses como Italia, Francia, Argentina, Colombia, Canad\u00e1 o Australia, tanto en el \u00e1mbito empresarial como en el p\u00fablico.<\/p>\n\n\n\n<h3 class=\"wp-block-heading\" id=\"h-ventajas-competitivas-reputacion-seo-y-captacion-de-clientes\">Ventajas competitivas: reputaci\u00f3n, SEO y captaci\u00f3n de clientes<\/h3>\n\n\n\n<p>Implementar las soluciones de inSuit ofrece beneficios concretos:<\/p>\n\n\n\n<ul class=\"wp-block-list\">\n<li>Mejor posicionamiento en buscadores, ya que Google favorece las p\u00e1ginas bien estructuradas, usables y accesibles.<\/li>\n\n\n\n<li>Acceso a un mercado potencial de m\u00e1s de 2.000 millones de euros solo en Europa, representado por personas con discapacidad.<\/li>\n\n\n\n<li>Protecci\u00f3n frente a <strong>graves sanciones por incumplimiento normativo<\/strong>, que podr\u00edan alcanzar multas de un mill\u00f3n de euros en casos muy graves o incluso la la suspensi\u00f3n de las operaciones empresariales en casos continuados.<\/li>\n<\/ul>\n\n\n\n<h2 class=\"wp-block-heading\" id=\"h-el-futuro-del-mundo-digital-es-inclusivo\"><strong>El futuro del mundo digital es inclusivo<\/strong><\/h2>\n\n\n\n<p>Comprender c\u00f3mo influyen los distintos grados de discapacidad en la experiencia web es el primer paso para construir un entorno digital accesible para todas las personas. Integrar la accesibilidad desde el dise\u00f1o, cumplir la normativa vigente y adoptar soluciones avanzadas como <a href=\"https:\/\/www.insuit.net\/es\" target=\"_blank\" rel=\"noreferrer noopener\"><strong>inSuit<\/strong><\/a> no solo garantiza el acceso universal, sino que tambi\u00e9n fortalece la reputaci\u00f3n, mejora el posicionamiento y abre oportunidades reales de crecimiento.<\/p>\n\n\n\n<p>Hoy, la inclusi\u00f3n digital ya no es una opci\u00f3n: es un est\u00e1ndar de calidad y un compromiso con la sociedad. Las organizaciones que apuestan por la accesibilidad se adelantan al futuro y crean experiencias que suman, fidelizan y conectan con todos los usuarios. <strong>El momento de transformar tu web en un espacio verdaderamente accesible es ahora.<\/strong> \u00bfEst\u00e1s preparado para liderar este cambio?<\/p>\n\n\n\n<div class=\"wp-block-buttons is-content-justification-center is-layout-flex wp-container-core-buttons-is-layout-16018d1d wp-block-buttons-is-layout-flex\">\n<div class=\"wp-block-button\"><a class=\"wp-block-button__link has-vivid-red-background-color has-background wp-element-button\" href=\"https:\/\/www.insuit.net\/es\/contacto\/\" target=\"_blank\" rel=\"noreferrer noopener\">\u00a1Cont\u00e1ctanos!<\/a><\/div>\n<\/div>\n","protected":false},"excerpt":{"rendered":"<p>Conocer los grados de discapacidad es fundamental para desarrollar tecnolog\u00edas accesibles que permitan a todas las personas interactuar con ellas. En el entorno digital, es clave poder ofrecer aplicaciones y p\u00e1ginas web accesibles a todo el mundo. Adem\u00e1s, una web accesible mejora tu posicionamiento SEO, fortalece tu reputaci\u00f3n corporativa y garantiza el cumplimiento normativo. A [&hellip;]<\/p>\n","protected":false},"author":7,"featured_media":31350,"comment_status":"closed","ping_status":"closed","sticky":false,"template":"","format":"standard","meta":{"_acf_changed":false,"content-type":"","footnotes":""},"categories":[30],"tags":[],"class_list":["post-31349","post","type-post","status-publish","format-standard","has-post-thumbnail","hentry","category-noticias-es"],"acf":[],"yoast_head":"<!-- This site is optimized with the Yoast SEO Premium plugin v26.1 (Yoast SEO v27.4) - https:\/\/yoast.com\/product\/yoast-seo-premium-wordpress\/ -->\n<title>Grados de discapacidad: c\u00f3mo crear webs inclusivas<\/title>\n<meta name=\"description\" content=\"Descubre qu\u00e9 son los grados de discapacidad, c\u00f3mo influyen en la experiencia digital y qu\u00e9 exige la normativa para crear webs accesibles.\" \/>\n<meta name=\"robots\" content=\"index, follow, max-snippet:-1, max-image-preview:large, max-video-preview:-1\" \/>\n<link rel=\"canonical\" href=\"https:\/\/www.insuit.net\/es\/grados-de-discapacidad\/\" \/>\n<meta property=\"og:locale\" content=\"es_ES\" \/>\n<meta property=\"og:type\" content=\"article\" \/>\n<meta property=\"og:title\" content=\"Grados de discapacidad: c\u00f3mo influyen en la accesibilidad digital real\" \/>\n<meta property=\"og:description\" content=\"Descubre qu\u00e9 son los grados de discapacidad, c\u00f3mo influyen en la experiencia digital y qu\u00e9 exige la normativa para crear webs accesibles.\" \/>\n<meta property=\"og:url\" content=\"https:\/\/www.insuit.net\/es\/grados-de-discapacidad\/\" \/>\n<meta property=\"og:site_name\" content=\"inSuit\" \/>\n<meta property=\"article:published_time\" content=\"2025-12-12T09:00:00+00:00\" \/>\n<meta property=\"article:modified_time\" content=\"2026-02-10T14:47:28+00:00\" \/>\n<meta property=\"og:image\" content=\"https:\/\/www.insuit.net\/wp-content\/uploads\/2025\/12\/grados-de-discapacidad.webp\" \/>\n\t<meta property=\"og:image:width\" content=\"1024\" \/>\n\t<meta property=\"og:image:height\" content=\"683\" \/>\n\t<meta property=\"og:image:type\" content=\"image\/webp\" \/>\n<meta name=\"author\" content=\"inSuit\" \/>\n<meta name=\"twitter:card\" content=\"summary_large_image\" \/>\n<meta name=\"twitter:label1\" content=\"Escrito por\" \/>\n\t<meta name=\"twitter:data1\" content=\"inSuit\" \/>\n\t<meta name=\"twitter:label2\" content=\"Tiempo de lectura\" \/>\n\t<meta name=\"twitter:data2\" content=\"9 minutos\" \/>\n<script type=\"application\/ld+json\" class=\"yoast-schema-graph\">{\"@context\":\"https:\\\/\\\/schema.org\",\"@graph\":[{\"@type\":\"Article\",\"@id\":\"https:\\\/\\\/www.insuit.net\\\/es\\\/grados-de-discapacidad\\\/#article\",\"isPartOf\":{\"@id\":\"https:\\\/\\\/www.insuit.net\\\/es\\\/grados-de-discapacidad\\\/\"},\"author\":{\"name\":\"inSuit\",\"@id\":\"https:\\\/\\\/www.insuit.net\\\/es\\\/#\\\/schema\\\/person\\\/b34fd0418c34e5a53a6dc53e7fdee008\"},\"headline\":\"Grados de discapacidad: c\u00f3mo influyen en la accesibilidad digital real\",\"datePublished\":\"2025-12-12T09:00:00+00:00\",\"dateModified\":\"2026-02-10T14:47:28+00:00\",\"mainEntityOfPage\":{\"@id\":\"https:\\\/\\\/www.insuit.net\\\/es\\\/grados-de-discapacidad\\\/\"},\"wordCount\":1978,\"image\":{\"@id\":\"https:\\\/\\\/www.insuit.net\\\/es\\\/grados-de-discapacidad\\\/#primaryimage\"},\"thumbnailUrl\":\"https:\\\/\\\/www.insuit.net\\\/wp-content\\\/uploads\\\/2025\\\/12\\\/grados-de-discapacidad.webp\",\"articleSection\":[\"Noticias es\"],\"inLanguage\":\"es\"},{\"@type\":\"WebPage\",\"@id\":\"https:\\\/\\\/www.insuit.net\\\/es\\\/grados-de-discapacidad\\\/\",\"url\":\"https:\\\/\\\/www.insuit.net\\\/es\\\/grados-de-discapacidad\\\/\",\"name\":\"Grados de discapacidad: c\u00f3mo crear webs inclusivas\",\"isPartOf\":{\"@id\":\"https:\\\/\\\/www.insuit.net\\\/es\\\/#website\"},\"primaryImageOfPage\":{\"@id\":\"https:\\\/\\\/www.insuit.net\\\/es\\\/grados-de-discapacidad\\\/#primaryimage\"},\"image\":{\"@id\":\"https:\\\/\\\/www.insuit.net\\\/es\\\/grados-de-discapacidad\\\/#primaryimage\"},\"thumbnailUrl\":\"https:\\\/\\\/www.insuit.net\\\/wp-content\\\/uploads\\\/2025\\\/12\\\/grados-de-discapacidad.webp\",\"datePublished\":\"2025-12-12T09:00:00+00:00\",\"dateModified\":\"2026-02-10T14:47:28+00:00\",\"author\":{\"@id\":\"https:\\\/\\\/www.insuit.net\\\/es\\\/#\\\/schema\\\/person\\\/b34fd0418c34e5a53a6dc53e7fdee008\"},\"description\":\"Descubre qu\u00e9 son los grados de discapacidad, c\u00f3mo influyen en la experiencia digital y qu\u00e9 exige la normativa para crear webs accesibles.\",\"breadcrumb\":{\"@id\":\"https:\\\/\\\/www.insuit.net\\\/es\\\/grados-de-discapacidad\\\/#breadcrumb\"},\"inLanguage\":\"es\",\"potentialAction\":[{\"@type\":\"ReadAction\",\"target\":[\"https:\\\/\\\/www.insuit.net\\\/es\\\/grados-de-discapacidad\\\/\"]}]},{\"@type\":\"ImageObject\",\"inLanguage\":\"es\",\"@id\":\"https:\\\/\\\/www.insuit.net\\\/es\\\/grados-de-discapacidad\\\/#primaryimage\",\"url\":\"https:\\\/\\\/www.insuit.net\\\/wp-content\\\/uploads\\\/2025\\\/12\\\/grados-de-discapacidad.webp\",\"contentUrl\":\"https:\\\/\\\/www.insuit.net\\\/wp-content\\\/uploads\\\/2025\\\/12\\\/grados-de-discapacidad.webp\",\"width\":1024,\"height\":683,\"caption\":\"Imagen que muestra a una persona con un grado de discapacidad trabajando en un entorno de empresa.\"},{\"@type\":\"BreadcrumbList\",\"@id\":\"https:\\\/\\\/www.insuit.net\\\/es\\\/grados-de-discapacidad\\\/#breadcrumb\",\"itemListElement\":[{\"@type\":\"ListItem\",\"position\":1,\"name\":\"Home\",\"item\":\"https:\\\/\\\/www.insuit.net\\\/es\\\/\"},{\"@type\":\"ListItem\",\"position\":2,\"name\":\"Grados de discapacidad: c\u00f3mo influyen en la accesibilidad digital real\"}]},{\"@type\":\"WebSite\",\"@id\":\"https:\\\/\\\/www.insuit.net\\\/es\\\/#website\",\"url\":\"https:\\\/\\\/www.insuit.net\\\/es\\\/\",\"name\":\"inSuit\",\"description\":\"Accesibilidad web para personas con discapacidad\",\"potentialAction\":[{\"@type\":\"SearchAction\",\"target\":{\"@type\":\"EntryPoint\",\"urlTemplate\":\"https:\\\/\\\/www.insuit.net\\\/es\\\/?s={search_term_string}\"},\"query-input\":{\"@type\":\"PropertyValueSpecification\",\"valueRequired\":true,\"valueName\":\"search_term_string\"}}],\"inLanguage\":\"es\"},{\"@type\":\"Person\",\"@id\":\"https:\\\/\\\/www.insuit.net\\\/es\\\/#\\\/schema\\\/person\\\/b34fd0418c34e5a53a6dc53e7fdee008\",\"name\":\"inSuit\",\"image\":{\"@type\":\"ImageObject\",\"inLanguage\":\"es\",\"@id\":\"https:\\\/\\\/secure.gravatar.com\\\/avatar\\\/23d5232850a0797430d352c28abfbb0b6b918ce7a477bb45727fc9b05bc0cdd8?s=96&d=mm&r=g\",\"url\":\"https:\\\/\\\/secure.gravatar.com\\\/avatar\\\/23d5232850a0797430d352c28abfbb0b6b918ce7a477bb45727fc9b05bc0cdd8?s=96&d=mm&r=g\",\"contentUrl\":\"https:\\\/\\\/secure.gravatar.com\\\/avatar\\\/23d5232850a0797430d352c28abfbb0b6b918ce7a477bb45727fc9b05bc0cdd8?s=96&d=mm&r=g\",\"caption\":\"inSuit\"},\"url\":\"https:\\\/\\\/www.insuit.net\\\/es\\\/author\\\/cramirez\\\/\"}]}<\/script>\n<!-- \/ Yoast SEO Premium plugin. -->","yoast_head_json":{"title":"Grados de discapacidad: c\u00f3mo crear webs inclusivas","description":"Descubre qu\u00e9 son los grados de discapacidad, c\u00f3mo influyen en la experiencia digital y qu\u00e9 exige la normativa para crear webs accesibles.","robots":{"index":"index","follow":"follow","max-snippet":"max-snippet:-1","max-image-preview":"max-image-preview:large","max-video-preview":"max-video-preview:-1"},"canonical":"https:\/\/www.insuit.net\/es\/grados-de-discapacidad\/","og_locale":"es_ES","og_type":"article","og_title":"Grados de discapacidad: c\u00f3mo influyen en la accesibilidad digital real","og_description":"Descubre qu\u00e9 son los grados de discapacidad, c\u00f3mo influyen en la experiencia digital y qu\u00e9 exige la normativa para crear webs accesibles.","og_url":"https:\/\/www.insuit.net\/es\/grados-de-discapacidad\/","og_site_name":"inSuit","article_published_time":"2025-12-12T09:00:00+00:00","article_modified_time":"2026-02-10T14:47:28+00:00","og_image":[{"width":1024,"height":683,"url":"https:\/\/www.insuit.net\/wp-content\/uploads\/2025\/12\/grados-de-discapacidad.webp","type":"image\/webp"}],"author":"inSuit","twitter_card":"summary_large_image","twitter_misc":{"Escrito por":"inSuit","Tiempo de lectura":"9 minutos"},"schema":{"@context":"https:\/\/schema.org","@graph":[{"@type":"Article","@id":"https:\/\/www.insuit.net\/es\/grados-de-discapacidad\/#article","isPartOf":{"@id":"https:\/\/www.insuit.net\/es\/grados-de-discapacidad\/"},"author":{"name":"inSuit","@id":"https:\/\/www.insuit.net\/es\/#\/schema\/person\/b34fd0418c34e5a53a6dc53e7fdee008"},"headline":"Grados de discapacidad: c\u00f3mo influyen en la accesibilidad digital real","datePublished":"2025-12-12T09:00:00+00:00","dateModified":"2026-02-10T14:47:28+00:00","mainEntityOfPage":{"@id":"https:\/\/www.insuit.net\/es\/grados-de-discapacidad\/"},"wordCount":1978,"image":{"@id":"https:\/\/www.insuit.net\/es\/grados-de-discapacidad\/#primaryimage"},"thumbnailUrl":"https:\/\/www.insuit.net\/wp-content\/uploads\/2025\/12\/grados-de-discapacidad.webp","articleSection":["Noticias es"],"inLanguage":"es"},{"@type":"WebPage","@id":"https:\/\/www.insuit.net\/es\/grados-de-discapacidad\/","url":"https:\/\/www.insuit.net\/es\/grados-de-discapacidad\/","name":"Grados de discapacidad: c\u00f3mo crear webs inclusivas","isPartOf":{"@id":"https:\/\/www.insuit.net\/es\/#website"},"primaryImageOfPage":{"@id":"https:\/\/www.insuit.net\/es\/grados-de-discapacidad\/#primaryimage"},"image":{"@id":"https:\/\/www.insuit.net\/es\/grados-de-discapacidad\/#primaryimage"},"thumbnailUrl":"https:\/\/www.insuit.net\/wp-content\/uploads\/2025\/12\/grados-de-discapacidad.webp","datePublished":"2025-12-12T09:00:00+00:00","dateModified":"2026-02-10T14:47:28+00:00","author":{"@id":"https:\/\/www.insuit.net\/es\/#\/schema\/person\/b34fd0418c34e5a53a6dc53e7fdee008"},"description":"Descubre qu\u00e9 son los grados de discapacidad, c\u00f3mo influyen en la experiencia digital y qu\u00e9 exige la normativa para crear webs accesibles.","breadcrumb":{"@id":"https:\/\/www.insuit.net\/es\/grados-de-discapacidad\/#breadcrumb"},"inLanguage":"es","potentialAction":[{"@type":"ReadAction","target":["https:\/\/www.insuit.net\/es\/grados-de-discapacidad\/"]}]},{"@type":"ImageObject","inLanguage":"es","@id":"https:\/\/www.insuit.net\/es\/grados-de-discapacidad\/#primaryimage","url":"https:\/\/www.insuit.net\/wp-content\/uploads\/2025\/12\/grados-de-discapacidad.webp","contentUrl":"https:\/\/www.insuit.net\/wp-content\/uploads\/2025\/12\/grados-de-discapacidad.webp","width":1024,"height":683,"caption":"Imagen que muestra a una persona con un grado de discapacidad trabajando en un entorno de empresa."},{"@type":"BreadcrumbList","@id":"https:\/\/www.insuit.net\/es\/grados-de-discapacidad\/#breadcrumb","itemListElement":[{"@type":"ListItem","position":1,"name":"Home","item":"https:\/\/www.insuit.net\/es\/"},{"@type":"ListItem","position":2,"name":"Grados de discapacidad: c\u00f3mo influyen en la accesibilidad digital real"}]},{"@type":"WebSite","@id":"https:\/\/www.insuit.net\/es\/#website","url":"https:\/\/www.insuit.net\/es\/","name":"inSuit","description":"Accesibilidad web para personas con discapacidad","potentialAction":[{"@type":"SearchAction","target":{"@type":"EntryPoint","urlTemplate":"https:\/\/www.insuit.net\/es\/?s={search_term_string}"},"query-input":{"@type":"PropertyValueSpecification","valueRequired":true,"valueName":"search_term_string"}}],"inLanguage":"es"},{"@type":"Person","@id":"https:\/\/www.insuit.net\/es\/#\/schema\/person\/b34fd0418c34e5a53a6dc53e7fdee008","name":"inSuit","image":{"@type":"ImageObject","inLanguage":"es","@id":"https:\/\/secure.gravatar.com\/avatar\/23d5232850a0797430d352c28abfbb0b6b918ce7a477bb45727fc9b05bc0cdd8?s=96&d=mm&r=g","url":"https:\/\/secure.gravatar.com\/avatar\/23d5232850a0797430d352c28abfbb0b6b918ce7a477bb45727fc9b05bc0cdd8?s=96&d=mm&r=g","contentUrl":"https:\/\/secure.gravatar.com\/avatar\/23d5232850a0797430d352c28abfbb0b6b918ce7a477bb45727fc9b05bc0cdd8?s=96&d=mm&r=g","caption":"inSuit"},"url":"https:\/\/www.insuit.net\/es\/author\/cramirez\/"}]}},"_links":{"self":[{"href":"https:\/\/www.insuit.net\/es\/wp-json\/wp\/v2\/posts\/31349","targetHints":{"allow":["GET"]}}],"collection":[{"href":"https:\/\/www.insuit.net\/es\/wp-json\/wp\/v2\/posts"}],"about":[{"href":"https:\/\/www.insuit.net\/es\/wp-json\/wp\/v2\/types\/post"}],"author":[{"embeddable":true,"href":"https:\/\/www.insuit.net\/es\/wp-json\/wp\/v2\/users\/7"}],"replies":[{"embeddable":true,"href":"https:\/\/www.insuit.net\/es\/wp-json\/wp\/v2\/comments?post=31349"}],"version-history":[{"count":2,"href":"https:\/\/www.insuit.net\/es\/wp-json\/wp\/v2\/posts\/31349\/revisions"}],"predecessor-version":[{"id":33449,"href":"https:\/\/www.insuit.net\/es\/wp-json\/wp\/v2\/posts\/31349\/revisions\/33449"}],"wp:featuredmedia":[{"embeddable":true,"href":"https:\/\/www.insuit.net\/es\/wp-json\/wp\/v2\/media\/31350"}],"wp:attachment":[{"href":"https:\/\/www.insuit.net\/es\/wp-json\/wp\/v2\/media?parent=31349"}],"wp:term":[{"taxonomy":"category","embeddable":true,"href":"https:\/\/www.insuit.net\/es\/wp-json\/wp\/v2\/categories?post=31349"},{"taxonomy":"post_tag","embeddable":true,"href":"https:\/\/www.insuit.net\/es\/wp-json\/wp\/v2\/tags?post=31349"}],"curies":[{"name":"wp","href":"https:\/\/api.w.org\/{rel}","templated":true}]}}