{"id":11895,"date":"2024-05-07T09:40:00","date_gmt":"2024-05-07T07:40:00","guid":{"rendered":"https:\/\/www.insuit.net\/?p=11895"},"modified":"2024-05-20T09:18:04","modified_gmt":"2024-05-20T07:18:04","slug":"decreto-2092023-cataluna","status":"publish","type":"post","link":"https:\/\/www.insuit.net\/es\/decreto-2092023-cataluna\/","title":{"rendered":"\u00bfQu\u00e9 es el nuevo Decreto 209\/2023 de Catalu\u00f1a y c\u00f3mo impacta en la accesibilidad web?"},"content":{"rendered":"\n<p class=\"has-small-font-size\"><strong>Nota<\/strong>: Si quieres acceder a la <strong>versi\u00f3n en catal\u00e1n del art\u00edculo<\/strong> <a href=\"https:\/\/www.insuit.net\/es\/decret-2092023-catalunya\/\">clica aqu\u00ed<\/a>.<\/p>\n\n\n\n<p>El 30 de noviembre de 2023 marc\u00f3 un hito significativo en el <strong>compromiso de Catalu\u00f1a por la inclusi\u00f3n, la igualdad y la equidad de oportunidades para todas las personas<\/strong>, esto debido a la <a href=\"https:\/\/portaljuridic.gencat.cat\/ca\/document-del-pjur\/?documentId=972919\" target=\"_blank\" rel=\"noreferrer noopener\">publicaci\u00f3n del Decreto 209\/2023 en el Diario Oficial de la Generalitat de Catalu\u00f1a<\/a>.<\/p>\n\n\n\n<p>Este decreto aprueba el tan esperado C\u00f3digo de accesibilidad de Catalu\u00f1a, <strong>cuya entrada en vigor fue el pasado 1 de marzo de 2024<\/strong> significando un paso importante hacia la <a href=\"https:\/\/www.insuit.net\/es\/que-es-la-accesibilidad-universal\/\" target=\"_blank\" rel=\"noreferrer noopener\">creaci\u00f3n de entornos verdaderamente accesibles y equitativos<\/a>.<\/p>\n\n\n\n<h2 class=\"wp-block-heading\">Nuevo c\u00f3digo de accesibilidad para Catalu\u00f1a<\/h2>\n\n\n\n<p>Cabe destacar que <strong>el nuevo c\u00f3digo representa un avance crucial<\/strong> en el despliegue de la <a href=\"https:\/\/www.boe.es\/diario_boe\/txt.php?id=BOE-A-2014-11992\" target=\"_blank\" rel=\"noreferrer noopener\">Ley 13\/2014 de Accesibilidad de Catalu\u00f1a<\/a>, <strong>abordando las necesidades de las personas con discapacidad<\/strong> y aquellas que enfrentan dificultades de interacci\u00f3n con su entorno.<\/p>\n\n\n\n<p>Con un total de 199 art\u00edculos y 15 anexos, el Decreto 209\/2023 <strong>establece condiciones, requisitos y soluciones para garantizar la autonom\u00eda y la no discriminaci\u00f3n<\/strong> en espacios p\u00fablicos, edificios, transporte, servicios, productos y procesos de comunicaci\u00f3n.<\/p>\n\n\n\n<p><strong>Uno de los aspectos m\u00e1s destacados es su enfoque integral<\/strong> ya que no solo busca mejorar las condiciones de accesibilidad en nuevas construcciones, sino que tambi\u00e9n <strong>impulsa la transformaci\u00f3n del entorno existente<\/strong>.<\/p>\n\n\n\n<p>Por lo que <strong>propone lograrlo a trav\u00e9s de ajustes razonables que incluyen a los entornos digitales<\/strong>, reconociendo as\u00ed la importancia creciente de la accesibilidad en el mundo virtual.<\/p>\n\n\n\n<h2 class=\"wp-block-heading\">\u00bfQu\u00e9 implica el nuevo Decreto 209\/2023 para la accesibilidad web y digital en Catalu\u00f1a?<\/h2>\n\n\n\n<p>Este nuevo marco legal, complementa al <a href=\"https:\/\/www.insuit.net\/es\/cumple-real-decreto-1112-2018-insuit-servicios360\/\" target=\"_blank\" rel=\"noreferrer noopener\">Real Decreto 1112\/2018 a nivel nacional<\/a> y <strong>tiene un impacto significativo en c\u00f3mo se desarrollan y ofrecen los servicios en l\u00ednea en Catalu\u00f1a<\/strong>.\u00a0<\/p>\n\n\n\n<p>Definiendo <strong>requisitos m\u00ednimos y plazos de aplicaci\u00f3n para productos y servicios<\/strong>, as\u00ed como los <strong>requisitos espec\u00edficos de cada sector<\/strong>. Algunos de los aspectos m\u00e1s relevantes incluyen:<\/p>\n\n\n\n<ul class=\"wp-block-list\">\n<li><strong>Requisitos espec\u00edficos:<\/strong> El decreto establece requisitos espec\u00edficos para asegurar que las p\u00e1ginas web, aplicaciones m\u00f3viles y otros servicios digitales sean accesibles para todas las personas, incluidas aquellas con discapacidad o dificultades de interacci\u00f3n con el entorno.<\/li>\n\n\n\n<li><strong>Cumplimiento de est\u00e1ndares: <\/strong>Se exige el <strong>cumplimiento de est\u00e1ndares de accesibilidad web reconocidos internacionalmente<\/strong>, como las <a href=\"https:\/\/www.w3.org\/WAI\/standards-guidelines\/wcag\/glance\/es\" target=\"_blank\" rel=\"noreferrer noopener\">Pautas de Accesibilidad al Contenido en la Web (WCAG) 2.1<\/a>, en su nivel de conformidad AA.<\/li>\n\n\n\n<li><strong>Amplio alcance:<\/strong> El decreto <strong>se aplica a todas las actividades realizadas en Catalu\u00f1a, tanto por entidades p\u00fablicas como privadas<\/strong>, lo que garantiza que la accesibilidad web y digital sea una prioridad en todos los sectores.<\/li>\n\n\n\n<li><strong>Promoci\u00f3n de la inclusi\u00f3n:<\/strong> El objetivo principal del decreto es promover la <strong>inclusi\u00f3n y la igualdad de acceso a los servicios y productos digitales en Catalu\u00f1a<\/strong>, asegurando que todas las personas puedan participar plenamente en la vida social, econ\u00f3mica y cultural de la regi\u00f3n.<\/li>\n<\/ul>\n\n\n\n<p>Analicemos <strong>c\u00f3mo este decreto afecta a diversos sectores y c\u00f3mo respalda la accesibilidad web<\/strong> y digital en Catalu\u00f1a.<\/p>\n\n\n\n<h3 class=\"wp-block-heading\">Cap\u00edtulo 5 enfocado en productos&nbsp;<\/h3>\n\n\n\n<p>Dentro del marco de los productos, el cap\u00edtulo 5 establece que <strong>tanto los nuevos servicios como los productos incorporados a servicios existentes deben cumplir con los requisitos especificados<\/strong> en el decreto desde el momento en que se pongan a disposici\u00f3n del p\u00fablico.&nbsp;<\/p>\n\n\n\n<p>En este sentido, <strong>las p\u00e1ginas y aplicaciones web deben adherirse a los est\u00e1ndares de accesibilidad<\/strong> definidos por la normativa <a href=\"https:\/\/www.etsi.org\/deliver\/etsi_en\/301500_301599\/301549\/03.02.01_60\/en_301549v030201p.pdf\" target=\"_blank\" rel=\"noreferrer noopener\">UNE-EN 301549<\/a>.\u00a0<\/p>\n\n\n\n<p>Asimismo, <strong>los documentos dirigidos al ciudadano deben asegurar que al menos el 25% de los mismos est\u00e9n disponibles en formato de lectura f\u00e1cil<\/strong>, mientras que todos los contenidos en l\u00ednea deben contar con opciones de<strong> audio navegaci\u00f3n, audiodescripci\u00f3n, subtitulado e interpretaci\u00f3n en lengua de signos catalana<\/strong>.<\/p>\n\n\n\n<h3 class=\"wp-block-heading\">Cap\u00edtulo 6 enfocado en servicios<\/h3>\n\n\n\n<p>En cuanto a los servicios, el cap\u00edtulo 6 del decreto<strong> estipula que las disposiciones son aplicables a todo servicio de uso p\u00fablico, tanto de titularidad p\u00fablica como privada<\/strong>, destinado a ser contratado o disfrutado por personas de manera individual o colectiva.\u00a0<\/p>\n\n\n\n<p>Se establecen <strong>medidas espec\u00edficas para empresas de suministro de agua, luz, gas y telecomunicaciones<\/strong>, las cuales deben cumplir con est\u00e1ndares de accesibilidad m\u00e1s rigurosos.&nbsp;<\/p>\n\n\n\n<p>Adem\u00e1s, se exige que <strong>los servicios de uso p\u00fablico informen sobre sus condiciones de accesibilidad<\/strong>, clasific\u00e1ndolas como <strong>accesible, accesibilidad b\u00e1sica disponible, parcialmente accesible<\/strong> o<strong> no accesible<\/strong>.&nbsp;<\/p>\n\n\n\n<p>Adem\u00e1s de proporcionar <strong>informaci\u00f3n detallada sobre la accesibilidad de sus servicios, instalaciones, procedimientos y dependencias en sus p\u00e1ginas web<\/strong>.<\/p>\n\n\n\n<h3 class=\"wp-block-heading\">Aplicaci\u00f3n normativa<\/h3>\n\n\n\n<p>La aplicaci\u00f3n normativa del decreto <strong>incluye disposiciones espec\u00edficas para una amplia gama de servicios<\/strong>, abarcando los siguientes:<\/p>\n\n\n\n<ul class=\"wp-block-list\">\n<li>Servicios ubicados en espacios naturales.<\/li>\n\n\n\n<li>Servicios comerciales.<\/li>\n\n\n\n<li>Servicios financieros.<\/li>\n\n\n\n<li>Servicios de transporte particular.<\/li>\n\n\n\n<li>Servicios de restauraci\u00f3n.<\/li>\n\n\n\n<li>Servicios de alojamiento tur\u00edstico.<\/li>\n\n\n\n<li>Servicios relacionados con el patrimonio cultural.<\/li>\n\n\n\n<li>Servicios relacionados con las artes esc\u00e9nicas y cine.<\/li>\n\n\n\n<li>Servicios deportivos.<\/li>\n\n\n\n<li>Servicios educativos.<\/li>\n\n\n\n<li>Servicios de salud y car\u00e1cter social.<\/li>\n\n\n\n<li>Servicios relacionados con atenci\u00f3n de urgencias sanitarias, seguridad y protecci\u00f3n civil.<\/li>\n\n\n\n<li>Servicios esenciales, de inter\u00e9s y financiados con fondos p\u00fablicos.<\/li>\n<\/ul>\n\n\n\n<p>Para cada categor\u00eda de servicio, <strong>se establecen requisitos particulares que deben cumplirse para garantizar la accesibilidad<\/strong> a personas con discapacidad.&nbsp;<\/p>\n\n\n\n<p>De esta forma <strong>el Decreto 209\/2023 refuerza el compromiso de Catalu\u00f1a con la accesibilidad web y digital<\/strong>, estableciendo requisitos espec\u00edficos y obligaciones para garantizar que todas las personas puedan acceder y utilizar los <strong>servicios y productos ofrecidos en la regi\u00f3n de manera m\u00e1s equitativa y sin discriminaci\u00f3n<\/strong>.<\/p>\n\n\n\n<h2 class=\"wp-block-heading\">Cumple el Decreto 209\/2023 de accesibilidad de Catalu\u00f1a con inSuit<\/h2>\n\n\n\n<p><strong>Con inSuit podr\u00e1s cumplir con el Decreto 209\/2023 sobre accesibilidad en Catalu\u00f1a<\/strong>, facilitando de este modo la navegaci\u00f3n independiente en l\u00ednea para personas con discapacidad, <strong>lo que representa un cambio significativo de impacto social<\/strong>.<\/p>\n\n\n\n<p>\u00a1Hacemos que el proceso sea simple para ti! <a href=\"https:\/\/www.insuit.net\/es\/certificacion-de-accesibilidad-web\/\" target=\"_blank\" rel=\"noreferrer noopener\">Ofrecemos una soluci\u00f3n que cumple con las pautas WCAG, especialmente la versi\u00f3n 2.2<\/a>, <strong>asegurando as\u00ed que tu p\u00e1gina web cumpla con los est\u00e1ndares y regulaciones de accesibilidad<\/strong> sin necesidad de realizar modificaciones complicadas en tu web original.\u00bfEst\u00e1s interesado en hacer accesible tu p\u00e1gina web?<\/p>\n\n\n\n<div class=\"wp-block-buttons is-content-justification-center is-layout-flex wp-container-core-buttons-is-layout-16018d1d wp-block-buttons-is-layout-flex\">\n<div class=\"wp-block-button\"><a class=\"wp-block-button__link has-vivid-red-background-color has-background wp-element-button\" href=\"https:\/\/www.insuit.net\/es\/solicita-demo\/\" target=\"_blank\" rel=\"noreferrer noopener\">\u00a1Solicita una demo hoy mismo!<\/a><\/div>\n<\/div>\n","protected":false},"excerpt":{"rendered":"<p>Nota: Si quieres acceder a la versi\u00f3n en catal\u00e1n del art\u00edculo clica aqu\u00ed. El 30 de noviembre de 2023 marc\u00f3 un hito significativo en el compromiso de Catalu\u00f1a por la inclusi\u00f3n, la igualdad y la equidad de oportunidades para todas las personas, esto debido a la publicaci\u00f3n del Decreto 209\/2023 en el Diario Oficial de [&hellip;]<\/p>\n","protected":false},"author":5,"featured_media":11899,"comment_status":"closed","ping_status":"closed","sticky":false,"template":"","format":"standard","meta":{"_acf_changed":false,"content-type":"","footnotes":""},"categories":[30],"tags":[],"class_list":["post-11895","post","type-post","status-publish","format-standard","has-post-thumbnail","hentry","category-noticias-es"],"acf":[],"yoast_head":"<!-- This site is optimized with the Yoast SEO Premium plugin v26.1 (Yoast SEO v27.4) - https:\/\/yoast.com\/product\/yoast-seo-premium-wordpress\/ -->\n<title>\u00bfQu\u00e9 es el Decreto 209\/2023 de Catalu\u00f1a y c\u00f3mo afecta a la accesibilidad web?<\/title>\n<meta name=\"description\" content=\"El nuevo c\u00f3digo de accesibilidad de Catalu\u00f1a a\u00f1ade requisitos de accesibilidad web m\u00e1s exigentes que los de la normativa nacional.\" \/>\n<meta name=\"robots\" content=\"index, follow, max-snippet:-1, max-image-preview:large, max-video-preview:-1\" \/>\n<link rel=\"canonical\" href=\"https:\/\/www.insuit.net\/es\/decreto-2092023-cataluna\/\" \/>\n<meta property=\"og:locale\" content=\"es_ES\" \/>\n<meta property=\"og:type\" content=\"article\" \/>\n<meta property=\"og:title\" content=\"\u00bfQu\u00e9 es el nuevo Decreto 209\/2023 de Catalu\u00f1a y c\u00f3mo impacta en la accesibilidad web?\" \/>\n<meta property=\"og:description\" content=\"El nuevo c\u00f3digo de accesibilidad de Catalu\u00f1a a\u00f1ade requisitos de accesibilidad web m\u00e1s exigentes que los de la normativa nacional.\" \/>\n<meta property=\"og:url\" content=\"https:\/\/www.insuit.net\/es\/decreto-2092023-cataluna\/\" \/>\n<meta property=\"og:site_name\" content=\"inSuit\" \/>\n<meta property=\"article:published_time\" content=\"2024-05-07T07:40:00+00:00\" \/>\n<meta property=\"article:modified_time\" content=\"2024-05-20T07:18:04+00:00\" \/>\n<meta property=\"og:image\" content=\"https:\/\/www.insuit.net\/wp-content\/uploads\/2024\/05\/Decreto-2092023-de-Cataluna-min.jpg\" \/>\n\t<meta property=\"og:image:width\" content=\"2048\" \/>\n\t<meta property=\"og:image:height\" content=\"1365\" \/>\n\t<meta property=\"og:image:type\" content=\"image\/jpeg\" \/>\n<meta name=\"author\" content=\"David E. Cede\u00f1o (Fundador y director de Discapacidad Cero)\" \/>\n<meta name=\"twitter:card\" content=\"summary_large_image\" \/>\n<meta name=\"twitter:label1\" content=\"Escrito por\" \/>\n\t<meta name=\"twitter:data1\" content=\"David E. Cede\u00f1o (Fundador y director de Discapacidad Cero)\" \/>\n\t<meta name=\"twitter:label2\" content=\"Tiempo de lectura\" \/>\n\t<meta name=\"twitter:data2\" content=\"5 minutos\" \/>\n<script type=\"application\/ld+json\" class=\"yoast-schema-graph\">{\"@context\":\"https:\\\/\\\/schema.org\",\"@graph\":[{\"@type\":\"Article\",\"@id\":\"https:\\\/\\\/www.insuit.net\\\/es\\\/decreto-2092023-cataluna\\\/#article\",\"isPartOf\":{\"@id\":\"https:\\\/\\\/www.insuit.net\\\/es\\\/decreto-2092023-cataluna\\\/\"},\"author\":{\"name\":\"David E. Cede\u00f1o (Fundador y director de Discapacidad Cero)\",\"@id\":\"https:\\\/\\\/www.insuit.net\\\/es\\\/#\\\/schema\\\/person\\\/fa15e06474e9c2d976b5f1628483e708\"},\"headline\":\"\u00bfQu\u00e9 es el nuevo Decreto 209\\\/2023 de Catalu\u00f1a y c\u00f3mo impacta en la accesibilidad web?\",\"datePublished\":\"2024-05-07T07:40:00+00:00\",\"dateModified\":\"2024-05-20T07:18:04+00:00\",\"mainEntityOfPage\":{\"@id\":\"https:\\\/\\\/www.insuit.net\\\/es\\\/decreto-2092023-cataluna\\\/\"},\"wordCount\":1054,\"image\":{\"@id\":\"https:\\\/\\\/www.insuit.net\\\/es\\\/decreto-2092023-cataluna\\\/#primaryimage\"},\"thumbnailUrl\":\"https:\\\/\\\/www.insuit.net\\\/wp-content\\\/uploads\\\/2024\\\/05\\\/Decreto-2092023-de-Cataluna-min.jpg\",\"articleSection\":[\"Noticias es\"],\"inLanguage\":\"es\"},{\"@type\":\"WebPage\",\"@id\":\"https:\\\/\\\/www.insuit.net\\\/es\\\/decreto-2092023-cataluna\\\/\",\"url\":\"https:\\\/\\\/www.insuit.net\\\/es\\\/decreto-2092023-cataluna\\\/\",\"name\":\"\u00bfQu\u00e9 es el Decreto 209\\\/2023 de Catalu\u00f1a y c\u00f3mo afecta a la accesibilidad web?\",\"isPartOf\":{\"@id\":\"https:\\\/\\\/www.insuit.net\\\/es\\\/#website\"},\"primaryImageOfPage\":{\"@id\":\"https:\\\/\\\/www.insuit.net\\\/es\\\/decreto-2092023-cataluna\\\/#primaryimage\"},\"image\":{\"@id\":\"https:\\\/\\\/www.insuit.net\\\/es\\\/decreto-2092023-cataluna\\\/#primaryimage\"},\"thumbnailUrl\":\"https:\\\/\\\/www.insuit.net\\\/wp-content\\\/uploads\\\/2024\\\/05\\\/Decreto-2092023-de-Cataluna-min.jpg\",\"datePublished\":\"2024-05-07T07:40:00+00:00\",\"dateModified\":\"2024-05-20T07:18:04+00:00\",\"author\":{\"@id\":\"https:\\\/\\\/www.insuit.net\\\/es\\\/#\\\/schema\\\/person\\\/fa15e06474e9c2d976b5f1628483e708\"},\"description\":\"El nuevo c\u00f3digo de accesibilidad de Catalu\u00f1a a\u00f1ade requisitos de accesibilidad web m\u00e1s exigentes que los de la normativa nacional.\",\"breadcrumb\":{\"@id\":\"https:\\\/\\\/www.insuit.net\\\/es\\\/decreto-2092023-cataluna\\\/#breadcrumb\"},\"inLanguage\":\"es\",\"potentialAction\":[{\"@type\":\"ReadAction\",\"target\":[\"https:\\\/\\\/www.insuit.net\\\/es\\\/decreto-2092023-cataluna\\\/\"]}]},{\"@type\":\"ImageObject\",\"inLanguage\":\"es\",\"@id\":\"https:\\\/\\\/www.insuit.net\\\/es\\\/decreto-2092023-cataluna\\\/#primaryimage\",\"url\":\"https:\\\/\\\/www.insuit.net\\\/wp-content\\\/uploads\\\/2024\\\/05\\\/Decreto-2092023-de-Cataluna-min.jpg\",\"contentUrl\":\"https:\\\/\\\/www.insuit.net\\\/wp-content\\\/uploads\\\/2024\\\/05\\\/Decreto-2092023-de-Cataluna-min.jpg\",\"width\":2048,\"height\":1365,\"caption\":\"Una mujer con discapacidad est\u00e1 sentada en una silla de ruedas frente a una mesa y su port\u00e1til, mientras sujeta un bol\u00edgrafo y toma notas en un cuaderno.\"},{\"@type\":\"BreadcrumbList\",\"@id\":\"https:\\\/\\\/www.insuit.net\\\/es\\\/decreto-2092023-cataluna\\\/#breadcrumb\",\"itemListElement\":[{\"@type\":\"ListItem\",\"position\":1,\"name\":\"Home\",\"item\":\"https:\\\/\\\/www.insuit.net\\\/es\\\/\"},{\"@type\":\"ListItem\",\"position\":2,\"name\":\"\u00bfQu\u00e9 es el nuevo Decreto 209\\\/2023 de Catalu\u00f1a y c\u00f3mo impacta en la accesibilidad web?\"}]},{\"@type\":\"WebSite\",\"@id\":\"https:\\\/\\\/www.insuit.net\\\/es\\\/#website\",\"url\":\"https:\\\/\\\/www.insuit.net\\\/es\\\/\",\"name\":\"inSuit\",\"description\":\"Accesibilidad web para personas con discapacidad\",\"potentialAction\":[{\"@type\":\"SearchAction\",\"target\":{\"@type\":\"EntryPoint\",\"urlTemplate\":\"https:\\\/\\\/www.insuit.net\\\/es\\\/?s={search_term_string}\"},\"query-input\":{\"@type\":\"PropertyValueSpecification\",\"valueRequired\":true,\"valueName\":\"search_term_string\"}}],\"inLanguage\":\"es\"},{\"@type\":\"Person\",\"@id\":\"https:\\\/\\\/www.insuit.net\\\/es\\\/#\\\/schema\\\/person\\\/fa15e06474e9c2d976b5f1628483e708\",\"name\":\"David E. Cede\u00f1o (Fundador y director de Discapacidad Cero)\",\"image\":{\"@type\":\"ImageObject\",\"inLanguage\":\"es\",\"@id\":\"https:\\\/\\\/secure.gravatar.com\\\/avatar\\\/a90f9dcae742979d66a5e57e0a8125fe8dd620e2c999c735b2274b2784a360c0?s=96&d=mm&r=g\",\"url\":\"https:\\\/\\\/secure.gravatar.com\\\/avatar\\\/a90f9dcae742979d66a5e57e0a8125fe8dd620e2c999c735b2274b2784a360c0?s=96&d=mm&r=g\",\"contentUrl\":\"https:\\\/\\\/secure.gravatar.com\\\/avatar\\\/a90f9dcae742979d66a5e57e0a8125fe8dd620e2c999c735b2274b2784a360c0?s=96&d=mm&r=g\",\"caption\":\"David E. Cede\u00f1o (Fundador y director de Discapacidad Cero)\"},\"sameAs\":[\"https:\\\/\\\/redproyectosocial.org\\\/\"],\"url\":\"https:\\\/\\\/www.insuit.net\\\/es\\\/author\\\/david-red\\\/\"}]}<\/script>\n<!-- \/ Yoast SEO Premium plugin. -->","yoast_head_json":{"title":"\u00bfQu\u00e9 es el Decreto 209\/2023 de Catalu\u00f1a y c\u00f3mo afecta a la accesibilidad web?","description":"El nuevo c\u00f3digo de accesibilidad de Catalu\u00f1a a\u00f1ade requisitos de accesibilidad web m\u00e1s exigentes que los de la normativa nacional.","robots":{"index":"index","follow":"follow","max-snippet":"max-snippet:-1","max-image-preview":"max-image-preview:large","max-video-preview":"max-video-preview:-1"},"canonical":"https:\/\/www.insuit.net\/es\/decreto-2092023-cataluna\/","og_locale":"es_ES","og_type":"article","og_title":"\u00bfQu\u00e9 es el nuevo Decreto 209\/2023 de Catalu\u00f1a y c\u00f3mo impacta en la accesibilidad web?","og_description":"El nuevo c\u00f3digo de accesibilidad de Catalu\u00f1a a\u00f1ade requisitos de accesibilidad web m\u00e1s exigentes que los de la normativa nacional.","og_url":"https:\/\/www.insuit.net\/es\/decreto-2092023-cataluna\/","og_site_name":"inSuit","article_published_time":"2024-05-07T07:40:00+00:00","article_modified_time":"2024-05-20T07:18:04+00:00","og_image":[{"width":2048,"height":1365,"url":"https:\/\/www.insuit.net\/wp-content\/uploads\/2024\/05\/Decreto-2092023-de-Cataluna-min.jpg","type":"image\/jpeg"}],"author":"David E. Cede\u00f1o (Fundador y director de Discapacidad Cero)","twitter_card":"summary_large_image","twitter_misc":{"Escrito por":"David E. Cede\u00f1o (Fundador y director de Discapacidad Cero)","Tiempo de lectura":"5 minutos"},"schema":{"@context":"https:\/\/schema.org","@graph":[{"@type":"Article","@id":"https:\/\/www.insuit.net\/es\/decreto-2092023-cataluna\/#article","isPartOf":{"@id":"https:\/\/www.insuit.net\/es\/decreto-2092023-cataluna\/"},"author":{"name":"David E. Cede\u00f1o (Fundador y director de Discapacidad Cero)","@id":"https:\/\/www.insuit.net\/es\/#\/schema\/person\/fa15e06474e9c2d976b5f1628483e708"},"headline":"\u00bfQu\u00e9 es el nuevo Decreto 209\/2023 de Catalu\u00f1a y c\u00f3mo impacta en la accesibilidad web?","datePublished":"2024-05-07T07:40:00+00:00","dateModified":"2024-05-20T07:18:04+00:00","mainEntityOfPage":{"@id":"https:\/\/www.insuit.net\/es\/decreto-2092023-cataluna\/"},"wordCount":1054,"image":{"@id":"https:\/\/www.insuit.net\/es\/decreto-2092023-cataluna\/#primaryimage"},"thumbnailUrl":"https:\/\/www.insuit.net\/wp-content\/uploads\/2024\/05\/Decreto-2092023-de-Cataluna-min.jpg","articleSection":["Noticias es"],"inLanguage":"es"},{"@type":"WebPage","@id":"https:\/\/www.insuit.net\/es\/decreto-2092023-cataluna\/","url":"https:\/\/www.insuit.net\/es\/decreto-2092023-cataluna\/","name":"\u00bfQu\u00e9 es el Decreto 209\/2023 de Catalu\u00f1a y c\u00f3mo afecta a la accesibilidad web?","isPartOf":{"@id":"https:\/\/www.insuit.net\/es\/#website"},"primaryImageOfPage":{"@id":"https:\/\/www.insuit.net\/es\/decreto-2092023-cataluna\/#primaryimage"},"image":{"@id":"https:\/\/www.insuit.net\/es\/decreto-2092023-cataluna\/#primaryimage"},"thumbnailUrl":"https:\/\/www.insuit.net\/wp-content\/uploads\/2024\/05\/Decreto-2092023-de-Cataluna-min.jpg","datePublished":"2024-05-07T07:40:00+00:00","dateModified":"2024-05-20T07:18:04+00:00","author":{"@id":"https:\/\/www.insuit.net\/es\/#\/schema\/person\/fa15e06474e9c2d976b5f1628483e708"},"description":"El nuevo c\u00f3digo de accesibilidad de Catalu\u00f1a a\u00f1ade requisitos de accesibilidad web m\u00e1s exigentes que los de la normativa nacional.","breadcrumb":{"@id":"https:\/\/www.insuit.net\/es\/decreto-2092023-cataluna\/#breadcrumb"},"inLanguage":"es","potentialAction":[{"@type":"ReadAction","target":["https:\/\/www.insuit.net\/es\/decreto-2092023-cataluna\/"]}]},{"@type":"ImageObject","inLanguage":"es","@id":"https:\/\/www.insuit.net\/es\/decreto-2092023-cataluna\/#primaryimage","url":"https:\/\/www.insuit.net\/wp-content\/uploads\/2024\/05\/Decreto-2092023-de-Cataluna-min.jpg","contentUrl":"https:\/\/www.insuit.net\/wp-content\/uploads\/2024\/05\/Decreto-2092023-de-Cataluna-min.jpg","width":2048,"height":1365,"caption":"Una mujer con discapacidad est\u00e1 sentada en una silla de ruedas frente a una mesa y su port\u00e1til, mientras sujeta un bol\u00edgrafo y toma notas en un cuaderno."},{"@type":"BreadcrumbList","@id":"https:\/\/www.insuit.net\/es\/decreto-2092023-cataluna\/#breadcrumb","itemListElement":[{"@type":"ListItem","position":1,"name":"Home","item":"https:\/\/www.insuit.net\/es\/"},{"@type":"ListItem","position":2,"name":"\u00bfQu\u00e9 es el nuevo Decreto 209\/2023 de Catalu\u00f1a y c\u00f3mo impacta en la accesibilidad web?"}]},{"@type":"WebSite","@id":"https:\/\/www.insuit.net\/es\/#website","url":"https:\/\/www.insuit.net\/es\/","name":"inSuit","description":"Accesibilidad web para personas con discapacidad","potentialAction":[{"@type":"SearchAction","target":{"@type":"EntryPoint","urlTemplate":"https:\/\/www.insuit.net\/es\/?s={search_term_string}"},"query-input":{"@type":"PropertyValueSpecification","valueRequired":true,"valueName":"search_term_string"}}],"inLanguage":"es"},{"@type":"Person","@id":"https:\/\/www.insuit.net\/es\/#\/schema\/person\/fa15e06474e9c2d976b5f1628483e708","name":"David E. Cede\u00f1o (Fundador y director de Discapacidad Cero)","image":{"@type":"ImageObject","inLanguage":"es","@id":"https:\/\/secure.gravatar.com\/avatar\/a90f9dcae742979d66a5e57e0a8125fe8dd620e2c999c735b2274b2784a360c0?s=96&d=mm&r=g","url":"https:\/\/secure.gravatar.com\/avatar\/a90f9dcae742979d66a5e57e0a8125fe8dd620e2c999c735b2274b2784a360c0?s=96&d=mm&r=g","contentUrl":"https:\/\/secure.gravatar.com\/avatar\/a90f9dcae742979d66a5e57e0a8125fe8dd620e2c999c735b2274b2784a360c0?s=96&d=mm&r=g","caption":"David E. Cede\u00f1o (Fundador y director de Discapacidad Cero)"},"sameAs":["https:\/\/redproyectosocial.org\/"],"url":"https:\/\/www.insuit.net\/es\/author\/david-red\/"}]}},"_links":{"self":[{"href":"https:\/\/www.insuit.net\/es\/wp-json\/wp\/v2\/posts\/11895","targetHints":{"allow":["GET"]}}],"collection":[{"href":"https:\/\/www.insuit.net\/es\/wp-json\/wp\/v2\/posts"}],"about":[{"href":"https:\/\/www.insuit.net\/es\/wp-json\/wp\/v2\/types\/post"}],"author":[{"embeddable":true,"href":"https:\/\/www.insuit.net\/es\/wp-json\/wp\/v2\/users\/5"}],"replies":[{"embeddable":true,"href":"https:\/\/www.insuit.net\/es\/wp-json\/wp\/v2\/comments?post=11895"}],"version-history":[{"count":8,"href":"https:\/\/www.insuit.net\/es\/wp-json\/wp\/v2\/posts\/11895\/revisions"}],"predecessor-version":[{"id":11923,"href":"https:\/\/www.insuit.net\/es\/wp-json\/wp\/v2\/posts\/11895\/revisions\/11923"}],"wp:featuredmedia":[{"embeddable":true,"href":"https:\/\/www.insuit.net\/es\/wp-json\/wp\/v2\/media\/11899"}],"wp:attachment":[{"href":"https:\/\/www.insuit.net\/es\/wp-json\/wp\/v2\/media?parent=11895"}],"wp:term":[{"taxonomy":"category","embeddable":true,"href":"https:\/\/www.insuit.net\/es\/wp-json\/wp\/v2\/categories?post=11895"},{"taxonomy":"post_tag","embeddable":true,"href":"https:\/\/www.insuit.net\/es\/wp-json\/wp\/v2\/tags?post=11895"}],"curies":[{"name":"wp","href":"https:\/\/api.w.org\/{rel}","templated":true}]}}