{"id":1089,"date":"2019-11-18T09:18:56","date_gmt":"2019-11-18T08:18:56","guid":{"rendered":"https:\/\/blog.insuit.net\/es\/?p=1089"},"modified":"2020-09-17T12:24:07","modified_gmt":"2020-09-17T10:24:07","slug":"entrada-vigor-real-decreto-accesibilidad-web","status":"publish","type":"post","link":"https:\/\/www.insuit.net\/es\/entrada-vigor-real-decreto-accesibilidad-web\/","title":{"rendered":"Entrada en vigor del Real Decreto sobre accesibilidad web&#8230; \u00bfEst\u00e1is preparados?"},"content":{"rendered":"<p><b>El Real Decreto 1112\/2018<\/b><span style=\"font-weight: 400;\">, de 7 de septiembre sobre accesibilidad de los sitios web y aplicaciones para dispositivos m\u00f3viles entr\u00f3 en vigor el 20\/9\/2018. Este reglamento tiene por objeto <\/span><b>garantizar los requisitos de accesibilidad<\/b><span style=\"font-weight: 400;\"> de los sitios web y aplicaciones para dispositivos m\u00f3viles de <\/span><b>organismos del sector p\u00fablico y empresas obligadas<\/b><span style=\"font-weight: 400;\">. Dentro de las empresas obligadas figuran las que reciben fondos p\u00fablicos y empresas por ejemplo de los sectores educativo, sanitario, cultural, deportivo y de servicios sociales.<\/span><\/p>\n<p><span style=\"font-weight: 400;\">Para los sitios web existentes antes de la entrada en vigor del Real Decreto, existe un plazo de dos a\u00f1os para la realizaci\u00f3n de la primera <\/span><b>revisi\u00f3n del cumplimiento de los requisitos<\/b><span style=\"font-weight: 400;\"> de sus sitios web, y haberla reflejado en el correspondiente \u201cInforme de Revisi\u00f3n de la Accesibilidad\u201d, y este plazo termina el 20\/9\/2020. Es decir, <\/span><b>quedan apenas 10 meses<\/b><span style=\"font-weight: 400;\">.<\/span><\/p>\n<p><span style=\"font-weight: 400;\">Para facilitar la adopci\u00f3n y clarificar los conceptos del RD 1112\/2018, desde el <\/span><a href=\"https:\/\/administracionelectronica.gob.es\/pae_Home\/pae_Estrategias\/pae_Accesibilidad\/pae_Observatorio_de_Accesibilidad.html\" target=\"_blank\" rel=\"noopener noreferrer\"><span style=\"font-weight: 400;\">Observatorio de Accesibilidad Web<\/span><\/a><span style=\"font-weight: 400;\"> se han preparado una serie de documentos que est\u00e1n publicados en <\/span><a href=\"https:\/\/administracionelectronica.gob.es\/pae_Home\/pae_Estrategias\/pae_Accesibilidad\/implantacion-rd-1112-2018\/principales_novedades_rd.html#.XdZZMuj0mHu\" target=\"_blank\" rel=\"noopener noreferrer\"><span style=\"font-weight: 400;\">esta p\u00e1gina web<\/span><\/a><span style=\"font-weight: 400;\">.<\/span><\/p>\n<p><span style=\"font-weight: 400;\">Resulta especialmente interesante para los organismos p\u00fablicos y empresas obligadas el <\/span><a href=\"https:\/\/administracionelectronica.gob.es\/pae_Home\/dam\/jcr:21516ff3-7f1e-4db1-b46a-889014a9ddea\/2019-07-16-Resumen_AAPP_RD-1112-2018-AAPP_v1_0.pdf\" target=\"_blank\" rel=\"noopener noreferrer\"><span style=\"font-weight: 400;\">resumen del RD 1112\/2018 para las Entidades Obligadas<\/span><\/a><span style=\"font-weight: 400;\">, preparado desde la perspectiva de las diferentes entidades p\u00fablicas y privadas que tienen que<\/span><b> aplicar los requerimientos de este reglamento<\/b><span style=\"font-weight: 400;\">, que supone un hito important\u00edsimo hacia la <\/span><b>accesibilidad tecnol\u00f3gica<\/b><span style=\"font-weight: 400;\"> en Espa\u00f1a.<\/span><\/p>\n<p><span style=\"font-weight: 400;\">La imagen siguiente presenta la<\/span><b> l\u00ednea de tiempo de la aplicaci\u00f3n <\/b><span style=\"font-weight: 400;\">de este importante reglamento, de una forma visual y resumida:<\/span><\/p>\n\n\n<figure class=\"wp-block-image size-full\"><img fetchpriority=\"high\" decoding=\"async\" width=\"1698\" height=\"888\" src=\"https:\/\/www.insuit.net\/wp-content\/uploads\/2020\/05\/real-decreto-accesibilidad-web.jpg\" alt=\"\" class=\"wp-image-3101\" srcset=\"https:\/\/www.insuit.net\/wp-content\/uploads\/2020\/05\/real-decreto-accesibilidad-web.jpg 1698w, https:\/\/www.insuit.net\/wp-content\/uploads\/2020\/05\/real-decreto-accesibilidad-web-300x157.jpg 300w, https:\/\/www.insuit.net\/wp-content\/uploads\/2020\/05\/real-decreto-accesibilidad-web-1024x536.jpg 1024w, https:\/\/www.insuit.net\/wp-content\/uploads\/2020\/05\/real-decreto-accesibilidad-web-768x402.jpg 768w, https:\/\/www.insuit.net\/wp-content\/uploads\/2020\/05\/real-decreto-accesibilidad-web-1536x803.jpg 1536w, https:\/\/www.insuit.net\/wp-content\/uploads\/2020\/05\/real-decreto-accesibilidad-web-1320x690.jpg 1320w\" sizes=\"(max-width: 1698px) 100vw, 1698px\" \/><\/figure>\n\n\n\n<p>A medida que m\u00e1s y m\u00e1s p\u00e1ginas web de organismos p\u00fablicos y entidades y empresas obligadas por este Real Decreto terminen de adoptar todas las medidas necesarias, estamos convencidos que <strong>todas las empresas<\/strong> tendr\u00e1n cada vez m\u00e1s en cuenta la accesibilidad web como elemento fundamental en su estrategia de <strong>comunicaci\u00f3n y relaci\u00f3n<\/strong> con sus clientes y usuarios.<\/p>\n","protected":false},"excerpt":{"rendered":"<p>El Real Decreto 1112\/2018, de 7 de septiembre sobre accesibilidad de los sitios web y aplicaciones para dispositivos m\u00f3viles entr\u00f3 en vigor el 20\/9\/2018. Este reglamento tiene por objeto garantizar los requisitos de accesibilidad de los sitios web y aplicaciones para dispositivos m\u00f3viles de organismos del sector p\u00fablico y empresas obligadas. Dentro de las empresas [&hellip;]<\/p>\n","protected":false},"author":4,"featured_media":1875,"comment_status":"closed","ping_status":"open","sticky":false,"template":"","format":"standard","meta":{"_acf_changed":false,"content-type":"","footnotes":""},"categories":[30],"tags":[],"class_list":["post-1089","post","type-post","status-publish","format-standard","has-post-thumbnail","hentry","category-noticias-es"],"acf":[],"yoast_head":"<!-- This site is optimized with the Yoast SEO Premium plugin v26.1 (Yoast SEO v27.4) - https:\/\/yoast.com\/product\/yoast-seo-premium-wordpress\/ -->\n<title>Entrada en vigor del Real Decreto sobre accesibilidad web... \u00bfEst\u00e1is preparados? - inSuit<\/title>\n<meta name=\"robots\" content=\"index, follow, max-snippet:-1, max-image-preview:large, max-video-preview:-1\" \/>\n<link rel=\"canonical\" href=\"https:\/\/www.insuit.net\/es\/entrada-vigor-real-decreto-accesibilidad-web\/\" \/>\n<meta property=\"og:locale\" content=\"es_ES\" \/>\n<meta property=\"og:type\" content=\"article\" \/>\n<meta property=\"og:title\" content=\"Entrada en vigor del Real Decreto sobre accesibilidad web... \u00bfEst\u00e1is preparados?\" \/>\n<meta property=\"og:description\" content=\"El Real Decreto 1112\/2018, de 7 de septiembre sobre accesibilidad de los sitios web y aplicaciones para dispositivos m\u00f3viles entr\u00f3 en vigor el 20\/9\/2018. Este reglamento tiene por objeto garantizar los requisitos de accesibilidad de los sitios web y aplicaciones para dispositivos m\u00f3viles de organismos del sector p\u00fablico y empresas obligadas. Dentro de las empresas [&hellip;]\" \/>\n<meta property=\"og:url\" content=\"https:\/\/www.insuit.net\/es\/entrada-vigor-real-decreto-accesibilidad-web\/\" \/>\n<meta property=\"og:site_name\" content=\"inSuit\" \/>\n<meta property=\"article:published_time\" content=\"2019-11-18T08:18:56+00:00\" \/>\n<meta property=\"article:modified_time\" content=\"2020-09-17T10:24:07+00:00\" \/>\n<meta property=\"og:image\" content=\"https:\/\/www.insuit.net\/wp-content\/uploads\/2019\/11\/observatorio_accesibilidad-400x300-1.jpg\" \/>\n\t<meta property=\"og:image:width\" content=\"400\" \/>\n\t<meta property=\"og:image:height\" content=\"300\" \/>\n\t<meta property=\"og:image:type\" content=\"image\/jpeg\" \/>\n<meta name=\"author\" content=\"inSuit\" \/>\n<meta name=\"twitter:card\" content=\"summary_large_image\" \/>\n<meta name=\"twitter:label1\" content=\"Escrito por\" \/>\n\t<meta name=\"twitter:data1\" content=\"inSuit\" \/>\n\t<meta name=\"twitter:label2\" content=\"Tiempo de lectura\" \/>\n\t<meta name=\"twitter:data2\" content=\"2 minutos\" \/>\n<script type=\"application\/ld+json\" class=\"yoast-schema-graph\">{\"@context\":\"https:\\\/\\\/schema.org\",\"@graph\":[{\"@type\":\"Article\",\"@id\":\"https:\\\/\\\/www.insuit.net\\\/es\\\/entrada-vigor-real-decreto-accesibilidad-web\\\/#article\",\"isPartOf\":{\"@id\":\"https:\\\/\\\/www.insuit.net\\\/es\\\/entrada-vigor-real-decreto-accesibilidad-web\\\/\"},\"author\":{\"name\":\"inSuit\",\"@id\":\"https:\\\/\\\/www.insuit.net\\\/es\\\/#\\\/schema\\\/person\\\/3b8435a385b08397ca93f8733d132477\"},\"headline\":\"Entrada en vigor del Real Decreto sobre accesibilidad web&#8230; \u00bfEst\u00e1is preparados?\",\"datePublished\":\"2019-11-18T08:18:56+00:00\",\"dateModified\":\"2020-09-17T10:24:07+00:00\",\"mainEntityOfPage\":{\"@id\":\"https:\\\/\\\/www.insuit.net\\\/es\\\/entrada-vigor-real-decreto-accesibilidad-web\\\/\"},\"wordCount\":327,\"image\":{\"@id\":\"https:\\\/\\\/www.insuit.net\\\/es\\\/entrada-vigor-real-decreto-accesibilidad-web\\\/#primaryimage\"},\"thumbnailUrl\":\"https:\\\/\\\/www.insuit.net\\\/wp-content\\\/uploads\\\/2019\\\/11\\\/observatorio_accesibilidad-400x300-1.jpg\",\"articleSection\":[\"Noticias es\"],\"inLanguage\":\"es\"},{\"@type\":\"WebPage\",\"@id\":\"https:\\\/\\\/www.insuit.net\\\/es\\\/entrada-vigor-real-decreto-accesibilidad-web\\\/\",\"url\":\"https:\\\/\\\/www.insuit.net\\\/es\\\/entrada-vigor-real-decreto-accesibilidad-web\\\/\",\"name\":\"Entrada en vigor del Real Decreto sobre accesibilidad web... \u00bfEst\u00e1is preparados? - inSuit\",\"isPartOf\":{\"@id\":\"https:\\\/\\\/www.insuit.net\\\/es\\\/#website\"},\"primaryImageOfPage\":{\"@id\":\"https:\\\/\\\/www.insuit.net\\\/es\\\/entrada-vigor-real-decreto-accesibilidad-web\\\/#primaryimage\"},\"image\":{\"@id\":\"https:\\\/\\\/www.insuit.net\\\/es\\\/entrada-vigor-real-decreto-accesibilidad-web\\\/#primaryimage\"},\"thumbnailUrl\":\"https:\\\/\\\/www.insuit.net\\\/wp-content\\\/uploads\\\/2019\\\/11\\\/observatorio_accesibilidad-400x300-1.jpg\",\"datePublished\":\"2019-11-18T08:18:56+00:00\",\"dateModified\":\"2020-09-17T10:24:07+00:00\",\"author\":{\"@id\":\"https:\\\/\\\/www.insuit.net\\\/es\\\/#\\\/schema\\\/person\\\/3b8435a385b08397ca93f8733d132477\"},\"breadcrumb\":{\"@id\":\"https:\\\/\\\/www.insuit.net\\\/es\\\/entrada-vigor-real-decreto-accesibilidad-web\\\/#breadcrumb\"},\"inLanguage\":\"es\",\"potentialAction\":[{\"@type\":\"ReadAction\",\"target\":[\"https:\\\/\\\/www.insuit.net\\\/es\\\/entrada-vigor-real-decreto-accesibilidad-web\\\/\"]}]},{\"@type\":\"ImageObject\",\"inLanguage\":\"es\",\"@id\":\"https:\\\/\\\/www.insuit.net\\\/es\\\/entrada-vigor-real-decreto-accesibilidad-web\\\/#primaryimage\",\"url\":\"https:\\\/\\\/www.insuit.net\\\/wp-content\\\/uploads\\\/2019\\\/11\\\/observatorio_accesibilidad-400x300-1.jpg\",\"contentUrl\":\"https:\\\/\\\/www.insuit.net\\\/wp-content\\\/uploads\\\/2019\\\/11\\\/observatorio_accesibilidad-400x300-1.jpg\",\"width\":400,\"height\":300,\"caption\":\"Logo del observatorio de accesibilidad\"},{\"@type\":\"BreadcrumbList\",\"@id\":\"https:\\\/\\\/www.insuit.net\\\/es\\\/entrada-vigor-real-decreto-accesibilidad-web\\\/#breadcrumb\",\"itemListElement\":[{\"@type\":\"ListItem\",\"position\":1,\"name\":\"Home\",\"item\":\"https:\\\/\\\/www.insuit.net\\\/es\\\/\"},{\"@type\":\"ListItem\",\"position\":2,\"name\":\"Entrada en vigor del Real Decreto sobre accesibilidad web&#8230; \u00bfEst\u00e1is preparados?\"}]},{\"@type\":\"WebSite\",\"@id\":\"https:\\\/\\\/www.insuit.net\\\/es\\\/#website\",\"url\":\"https:\\\/\\\/www.insuit.net\\\/es\\\/\",\"name\":\"inSuit\",\"description\":\"Accesibilidad web para personas con discapacidad\",\"potentialAction\":[{\"@type\":\"SearchAction\",\"target\":{\"@type\":\"EntryPoint\",\"urlTemplate\":\"https:\\\/\\\/www.insuit.net\\\/es\\\/?s={search_term_string}\"},\"query-input\":{\"@type\":\"PropertyValueSpecification\",\"valueRequired\":true,\"valueName\":\"search_term_string\"}}],\"inLanguage\":\"es\"},{\"@type\":\"Person\",\"@id\":\"https:\\\/\\\/www.insuit.net\\\/es\\\/#\\\/schema\\\/person\\\/3b8435a385b08397ca93f8733d132477\",\"name\":\"inSuit\",\"image\":{\"@type\":\"ImageObject\",\"inLanguage\":\"es\",\"@id\":\"https:\\\/\\\/secure.gravatar.com\\\/avatar\\\/b731c7002353de0c18a2950e1b1f7152a3fc02185337e315c14a3df52e4106c7?s=96&d=mm&r=g\",\"url\":\"https:\\\/\\\/secure.gravatar.com\\\/avatar\\\/b731c7002353de0c18a2950e1b1f7152a3fc02185337e315c14a3df52e4106c7?s=96&d=mm&r=g\",\"contentUrl\":\"https:\\\/\\\/secure.gravatar.com\\\/avatar\\\/b731c7002353de0c18a2950e1b1f7152a3fc02185337e315c14a3df52e4106c7?s=96&d=mm&r=g\",\"caption\":\"inSuit\"},\"url\":\"https:\\\/\\\/www.insuit.net\\\/es\\\/author\\\/daas\\\/\"}]}<\/script>\n<!-- \/ Yoast SEO Premium plugin. -->","yoast_head_json":{"title":"Entrada en vigor del Real Decreto sobre accesibilidad web... \u00bfEst\u00e1is preparados? - inSuit","robots":{"index":"index","follow":"follow","max-snippet":"max-snippet:-1","max-image-preview":"max-image-preview:large","max-video-preview":"max-video-preview:-1"},"canonical":"https:\/\/www.insuit.net\/es\/entrada-vigor-real-decreto-accesibilidad-web\/","og_locale":"es_ES","og_type":"article","og_title":"Entrada en vigor del Real Decreto sobre accesibilidad web... \u00bfEst\u00e1is preparados?","og_description":"El Real Decreto 1112\/2018, de 7 de septiembre sobre accesibilidad de los sitios web y aplicaciones para dispositivos m\u00f3viles entr\u00f3 en vigor el 20\/9\/2018. Este reglamento tiene por objeto garantizar los requisitos de accesibilidad de los sitios web y aplicaciones para dispositivos m\u00f3viles de organismos del sector p\u00fablico y empresas obligadas. Dentro de las empresas [&hellip;]","og_url":"https:\/\/www.insuit.net\/es\/entrada-vigor-real-decreto-accesibilidad-web\/","og_site_name":"inSuit","article_published_time":"2019-11-18T08:18:56+00:00","article_modified_time":"2020-09-17T10:24:07+00:00","og_image":[{"width":400,"height":300,"url":"https:\/\/www.insuit.net\/wp-content\/uploads\/2019\/11\/observatorio_accesibilidad-400x300-1.jpg","type":"image\/jpeg"}],"author":"inSuit","twitter_card":"summary_large_image","twitter_misc":{"Escrito por":"inSuit","Tiempo de lectura":"2 minutos"},"schema":{"@context":"https:\/\/schema.org","@graph":[{"@type":"Article","@id":"https:\/\/www.insuit.net\/es\/entrada-vigor-real-decreto-accesibilidad-web\/#article","isPartOf":{"@id":"https:\/\/www.insuit.net\/es\/entrada-vigor-real-decreto-accesibilidad-web\/"},"author":{"name":"inSuit","@id":"https:\/\/www.insuit.net\/es\/#\/schema\/person\/3b8435a385b08397ca93f8733d132477"},"headline":"Entrada en vigor del Real Decreto sobre accesibilidad web&#8230; \u00bfEst\u00e1is preparados?","datePublished":"2019-11-18T08:18:56+00:00","dateModified":"2020-09-17T10:24:07+00:00","mainEntityOfPage":{"@id":"https:\/\/www.insuit.net\/es\/entrada-vigor-real-decreto-accesibilidad-web\/"},"wordCount":327,"image":{"@id":"https:\/\/www.insuit.net\/es\/entrada-vigor-real-decreto-accesibilidad-web\/#primaryimage"},"thumbnailUrl":"https:\/\/www.insuit.net\/wp-content\/uploads\/2019\/11\/observatorio_accesibilidad-400x300-1.jpg","articleSection":["Noticias es"],"inLanguage":"es"},{"@type":"WebPage","@id":"https:\/\/www.insuit.net\/es\/entrada-vigor-real-decreto-accesibilidad-web\/","url":"https:\/\/www.insuit.net\/es\/entrada-vigor-real-decreto-accesibilidad-web\/","name":"Entrada en vigor del Real Decreto sobre accesibilidad web... \u00bfEst\u00e1is preparados? - inSuit","isPartOf":{"@id":"https:\/\/www.insuit.net\/es\/#website"},"primaryImageOfPage":{"@id":"https:\/\/www.insuit.net\/es\/entrada-vigor-real-decreto-accesibilidad-web\/#primaryimage"},"image":{"@id":"https:\/\/www.insuit.net\/es\/entrada-vigor-real-decreto-accesibilidad-web\/#primaryimage"},"thumbnailUrl":"https:\/\/www.insuit.net\/wp-content\/uploads\/2019\/11\/observatorio_accesibilidad-400x300-1.jpg","datePublished":"2019-11-18T08:18:56+00:00","dateModified":"2020-09-17T10:24:07+00:00","author":{"@id":"https:\/\/www.insuit.net\/es\/#\/schema\/person\/3b8435a385b08397ca93f8733d132477"},"breadcrumb":{"@id":"https:\/\/www.insuit.net\/es\/entrada-vigor-real-decreto-accesibilidad-web\/#breadcrumb"},"inLanguage":"es","potentialAction":[{"@type":"ReadAction","target":["https:\/\/www.insuit.net\/es\/entrada-vigor-real-decreto-accesibilidad-web\/"]}]},{"@type":"ImageObject","inLanguage":"es","@id":"https:\/\/www.insuit.net\/es\/entrada-vigor-real-decreto-accesibilidad-web\/#primaryimage","url":"https:\/\/www.insuit.net\/wp-content\/uploads\/2019\/11\/observatorio_accesibilidad-400x300-1.jpg","contentUrl":"https:\/\/www.insuit.net\/wp-content\/uploads\/2019\/11\/observatorio_accesibilidad-400x300-1.jpg","width":400,"height":300,"caption":"Logo del observatorio de accesibilidad"},{"@type":"BreadcrumbList","@id":"https:\/\/www.insuit.net\/es\/entrada-vigor-real-decreto-accesibilidad-web\/#breadcrumb","itemListElement":[{"@type":"ListItem","position":1,"name":"Home","item":"https:\/\/www.insuit.net\/es\/"},{"@type":"ListItem","position":2,"name":"Entrada en vigor del Real Decreto sobre accesibilidad web&#8230; \u00bfEst\u00e1is preparados?"}]},{"@type":"WebSite","@id":"https:\/\/www.insuit.net\/es\/#website","url":"https:\/\/www.insuit.net\/es\/","name":"inSuit","description":"Accesibilidad web para personas con discapacidad","potentialAction":[{"@type":"SearchAction","target":{"@type":"EntryPoint","urlTemplate":"https:\/\/www.insuit.net\/es\/?s={search_term_string}"},"query-input":{"@type":"PropertyValueSpecification","valueRequired":true,"valueName":"search_term_string"}}],"inLanguage":"es"},{"@type":"Person","@id":"https:\/\/www.insuit.net\/es\/#\/schema\/person\/3b8435a385b08397ca93f8733d132477","name":"inSuit","image":{"@type":"ImageObject","inLanguage":"es","@id":"https:\/\/secure.gravatar.com\/avatar\/b731c7002353de0c18a2950e1b1f7152a3fc02185337e315c14a3df52e4106c7?s=96&d=mm&r=g","url":"https:\/\/secure.gravatar.com\/avatar\/b731c7002353de0c18a2950e1b1f7152a3fc02185337e315c14a3df52e4106c7?s=96&d=mm&r=g","contentUrl":"https:\/\/secure.gravatar.com\/avatar\/b731c7002353de0c18a2950e1b1f7152a3fc02185337e315c14a3df52e4106c7?s=96&d=mm&r=g","caption":"inSuit"},"url":"https:\/\/www.insuit.net\/es\/author\/daas\/"}]}},"_links":{"self":[{"href":"https:\/\/www.insuit.net\/es\/wp-json\/wp\/v2\/posts\/1089","targetHints":{"allow":["GET"]}}],"collection":[{"href":"https:\/\/www.insuit.net\/es\/wp-json\/wp\/v2\/posts"}],"about":[{"href":"https:\/\/www.insuit.net\/es\/wp-json\/wp\/v2\/types\/post"}],"author":[{"embeddable":true,"href":"https:\/\/www.insuit.net\/es\/wp-json\/wp\/v2\/users\/4"}],"replies":[{"embeddable":true,"href":"https:\/\/www.insuit.net\/es\/wp-json\/wp\/v2\/comments?post=1089"}],"version-history":[{"count":4,"href":"https:\/\/www.insuit.net\/es\/wp-json\/wp\/v2\/posts\/1089\/revisions"}],"predecessor-version":[{"id":3152,"href":"https:\/\/www.insuit.net\/es\/wp-json\/wp\/v2\/posts\/1089\/revisions\/3152"}],"wp:featuredmedia":[{"embeddable":true,"href":"https:\/\/www.insuit.net\/es\/wp-json\/wp\/v2\/media\/1875"}],"wp:attachment":[{"href":"https:\/\/www.insuit.net\/es\/wp-json\/wp\/v2\/media?parent=1089"}],"wp:term":[{"taxonomy":"category","embeddable":true,"href":"https:\/\/www.insuit.net\/es\/wp-json\/wp\/v2\/categories?post=1089"},{"taxonomy":"post_tag","embeddable":true,"href":"https:\/\/www.insuit.net\/es\/wp-json\/wp\/v2\/tags?post=1089"}],"curies":[{"name":"wp","href":"https:\/\/api.w.org\/{rel}","templated":true}]}}