{"id":1060,"date":"2019-07-11T12:04:55","date_gmt":"2019-07-11T11:04:55","guid":{"rendered":"https:\/\/blog.insuit.net\/es\/?p=1060"},"modified":"2020-09-17T12:24:08","modified_gmt":"2020-09-17T10:24:08","slug":"asociacion-valenciana-ayuda-paralisis-cerebral-insuit","status":"publish","type":"post","link":"https:\/\/www.insuit.net\/es\/asociacion-valenciana-ayuda-paralisis-cerebral-insuit\/","title":{"rendered":"La Asociaci\u00f3n Valenciana de Ayuda a la Par\u00e1lisis Cerebral e inSuit siguen construyendo un mejor futuro para los ni\u00f1os con par\u00e1lisis cerebral"},"content":{"rendered":"<p><span style=\"font-weight: 400;\"><img decoding=\"async\" class=\"wp-image-3097 alignleft\" src=\"https:\/\/www.insuit.net\/wp-content\/uploads\/2020\/05\/presentacion-empresa.jpg\" alt=\"\" width=\"299\" height=\"153\" srcset=\"https:\/\/www.insuit.net\/wp-content\/uploads\/2020\/05\/presentacion-empresa.jpg 874w, https:\/\/www.insuit.net\/wp-content\/uploads\/2020\/05\/presentacion-empresa-300x154.jpg 300w, https:\/\/www.insuit.net\/wp-content\/uploads\/2020\/05\/presentacion-empresa-768x394.jpg 768w\" sizes=\"(max-width: 299px) 100vw, 299px\" \/>Como ya <\/span><a href=\"https:\/\/blog.insuit.net\/es\/construyendo-futuro-mas-accesible-la-asociacion-valenciana-ayuda-la-paralisis-cerebral\" target=\"_blank\" rel=\"noopener noreferrer\"><span style=\"font-weight: 400;\">anunciamos a finales de 2018<\/span><\/a><span style=\"font-weight: 400;\">, inSuit es el proveedor tecnol\u00f3gico de la plataforma de e-training para el proyecto europeo liderado por <\/span><a href=\"http:\/\/www.avapace.org\/\" target=\"_blank\" rel=\"noopener noreferrer\"><span style=\"font-weight: 400;\">AVAPACE (Asociaci\u00f3n Valenciana de Ayuda a la Par\u00e1lisis Cerebral)<\/span><\/a><span style=\"font-weight: 400;\">: \u201cCerebral Palsy \u2013 Early Intervention\u201d (\u201cPar\u00e1lisis Cerebral \u2013 Intervenci\u00f3n Temprana\u201d).<\/span><\/p>\n<p><span style=\"font-weight: 400;\">Durante todo este a\u00f1o hemos continuado<\/span><b> trabajando codo con codo<\/b><span style=\"font-weight: 400;\"> todos los socios del proyecto, en el cual destacan <\/span><a href=\"http:\/\/www.hurt.hr\/en\/homepage\/\" target=\"_blank\" rel=\"noopener noreferrer\"><span style=\"font-weight: 400;\">HURT<\/span><\/a><span style=\"font-weight: 400;\"> (Asociaci\u00f3n Croata de Terapia Ocupacional), <\/span><a href=\"http:\/\/www.apcb.pt\/p\/the-portuguese-cerebral-palsy.html\" target=\"_blank\" rel=\"noopener noreferrer\"><span style=\"font-weight: 400;\">APCB<\/span><\/a><span style=\"font-weight: 400;\"> (Asociaci\u00f3n de Par\u00e1lisis Cerebral de Braga, Portugal), <\/span><a href=\"http:\/\/www.ilcerchiovenezia.it\/\" target=\"_blank\" rel=\"noopener noreferrer\"><span style=\"font-weight: 400;\">IL-CERCHIO<\/span><\/a><span style=\"font-weight: 400;\"> (Cooperativa Social de Italia), <\/span><a href=\"https:\/\/www.insuit.net\/es\/\" target=\"_blank\" rel=\"noopener noreferrer\"><span style=\"font-weight: 400;\">inSuit<\/span><\/a><span style=\"font-weight: 400;\">, <\/span><a href=\"https:\/\/www.eurlyaid.eu\/\" target=\"_blank\" rel=\"noopener noreferrer\"><span style=\"font-weight: 400;\">EURLYAID<\/span><\/a><span style=\"font-weight: 400;\"> (La Asociaci\u00f3n Europea de Intervenci\u00f3n Temprana en la Infancia, con sede en Luxemburgo) y <\/span><a href=\"http:\/\/www.avapace.org\/\" target=\"_blank\" rel=\"noopener noreferrer\"><span style=\"font-weight: 400;\">AVAPACE<\/span><\/a><span style=\"font-weight: 400;\"> como responsable y coordinador del proyecto.<\/span><\/p>\n<p><span style=\"font-weight: 400;\">Tal como explicamos en la <\/span><a href=\"http:\/\/cpearlyintervention.eu\/es\/\" target=\"_blank\" rel=\"noopener noreferrer\"><span style=\"font-weight: 400;\">p\u00e1gina web del proyecto<\/span><\/a><span style=\"font-weight: 400;\">, \u201cCerebral Palsy \u2013 Early Intervention\u201d es un programa para promover la implementaci\u00f3n de las <\/span><b>Pr\u00e1cticas Centradas en la familia en la Par\u00e1lisis Cerebral<\/b><span style=\"font-weight: 400;\">, dirigido a:<\/span><\/p>\n<ul>\n<li style=\"font-weight: 400;\"><span style=\"font-weight: 400;\">Adultos con Par\u00e1lisis Cerebral<\/span><\/li>\n<li style=\"font-weight: 400;\"><span style=\"font-weight: 400;\">Familias con ni\u00f1os con Par\u00e1lisis Cerebral<\/span><\/li>\n<li style=\"font-weight: 400;\"><span style=\"font-weight: 400;\">Profesionales que trabajan en servicios dise\u00f1ados para ni\u00f1os con Par\u00e1lisis Cerebral<\/span><\/li>\n<\/ul>\n<p><span style=\"font-weight: 400;\">El programa promueve la <\/span><b>participaci\u00f3n de adultos con Par\u00e1lisis Cerebral<\/b><span style=\"font-weight: 400;\"> en la Red Informal de Soporte para familias con ni\u00f1os con Par\u00e1lisis Cerebral, pudiendo dar un soporte complementario tanto a las familias como a los profesionales gracias a la transferencia directa sobre la experiencia vital de los miembros de esta Red.<\/span><\/p>\n<p><b>inSuit, como proveedor tecnol\u00f3gico del proyecto<\/b><span style=\"font-weight: 400;\">, est\u00e1 dando apoyo en todas las fases de su desarrollo. Resulta especialmente importante el an\u00e1lisis y definici\u00f3n de requisitos de la plataforma de e-training que dar\u00e1 soporte a todo el programa formativo, que incorporar\u00e1 la tecnolog\u00eda inSuit para hacer <\/span><b>accesible el material a todas las personas<\/b><span style=\"font-weight: 400;\">, independientemente de sus capacidades y necesidades.<\/span><\/p>\n","protected":false},"excerpt":{"rendered":"<p>Como ya anunciamos a finales de 2018, inSuit es el proveedor tecnol\u00f3gico de la plataforma de e-training para el proyecto europeo liderado por AVAPACE (Asociaci\u00f3n Valenciana de Ayuda a la Par\u00e1lisis Cerebral): \u201cCerebral Palsy \u2013 Early Intervention\u201d (\u201cPar\u00e1lisis Cerebral \u2013 Intervenci\u00f3n Temprana\u201d). Durante todo este a\u00f1o hemos continuado trabajando codo con codo todos los socios [&hellip;]<\/p>\n","protected":false},"author":4,"featured_media":1882,"comment_status":"closed","ping_status":"open","sticky":false,"template":"","format":"standard","meta":{"_acf_changed":false,"content-type":"","footnotes":""},"categories":[30],"tags":[],"class_list":["post-1060","post","type-post","status-publish","format-standard","has-post-thumbnail","hentry","category-noticias-es"],"acf":[],"yoast_head":"<!-- This site is optimized with the Yoast SEO plugin v28.3 - https:\/\/yoast.com\/product\/yoast-seo-wordpress\/ -->\n<title>La Asociaci\u00f3n Valenciana de Ayuda a la Par\u00e1lisis Cerebral e inSuit siguen construyendo un mejor futuro para los ni\u00f1os con par\u00e1lisis cerebral - inSuit<\/title>\n<meta name=\"robots\" content=\"index, follow, max-snippet:-1, max-image-preview:large, max-video-preview:-1\" \/>\n<link rel=\"canonical\" href=\"https:\/\/www.insuit.net\/es\/asociacion-valenciana-ayuda-paralisis-cerebral-insuit\/\" \/>\n<meta property=\"og:locale\" content=\"es_ES\" \/>\n<meta property=\"og:type\" content=\"article\" \/>\n<meta property=\"og:title\" content=\"La Asociaci\u00f3n Valenciana de Ayuda a la Par\u00e1lisis Cerebral e inSuit siguen construyendo un mejor futuro para los ni\u00f1os con par\u00e1lisis cerebral - inSuit\" \/>\n<meta property=\"og:description\" content=\"Como ya anunciamos a finales de 2018, inSuit es el proveedor tecnol\u00f3gico de la plataforma de e-training para el proyecto europeo liderado por AVAPACE (Asociaci\u00f3n Valenciana de Ayuda a la Par\u00e1lisis Cerebral): \u201cCerebral Palsy \u2013 Early Intervention\u201d (\u201cPar\u00e1lisis Cerebral \u2013 Intervenci\u00f3n Temprana\u201d). Durante todo este a\u00f1o hemos continuado trabajando codo con codo todos los socios [&hellip;]\" \/>\n<meta property=\"og:url\" content=\"https:\/\/www.insuit.net\/es\/asociacion-valenciana-ayuda-paralisis-cerebral-insuit\/\" \/>\n<meta property=\"og:site_name\" content=\"inSuit\" \/>\n<meta property=\"article:published_time\" content=\"2019-07-11T11:04:55+00:00\" \/>\n<meta property=\"article:modified_time\" content=\"2020-09-17T10:24:08+00:00\" \/>\n<meta property=\"og:image\" content=\"https:\/\/www.insuit.net\/wp-content\/uploads\/2019\/07\/cp-early-intervention-logo-400x300-1.jpg\" \/>\n\t<meta property=\"og:image:width\" content=\"400\" \/>\n\t<meta property=\"og:image:height\" content=\"300\" \/>\n\t<meta property=\"og:image:type\" content=\"image\/jpeg\" \/>\n<meta name=\"author\" content=\"inSuit\" \/>\n<meta name=\"twitter:card\" content=\"summary_large_image\" \/>\n<meta name=\"twitter:label1\" content=\"Escrito por\" \/>\n\t<meta name=\"twitter:data1\" content=\"inSuit\" \/>\n\t<meta name=\"twitter:label2\" content=\"Tiempo de lectura\" \/>\n\t<meta name=\"twitter:data2\" content=\"1 minuto\" \/>\n<script type=\"application\/ld+json\" class=\"yoast-schema-graph\">{\"@context\":\"https:\\\/\\\/schema.org\",\"@graph\":[{\"@type\":\"Article\",\"@id\":\"https:\\\/\\\/www.insuit.net\\\/es\\\/asociacion-valenciana-ayuda-paralisis-cerebral-insuit\\\/#article\",\"isPartOf\":{\"@id\":\"https:\\\/\\\/www.insuit.net\\\/es\\\/asociacion-valenciana-ayuda-paralisis-cerebral-insuit\\\/\"},\"author\":{\"name\":\"inSuit\",\"@id\":\"https:\\\/\\\/www.insuit.net\\\/es\\\/#\\\/schema\\\/person\\\/3b8435a385b08397ca93f8733d132477\"},\"headline\":\"La Asociaci\u00f3n Valenciana de Ayuda a la Par\u00e1lisis Cerebral e inSuit siguen construyendo un mejor futuro para los ni\u00f1os con par\u00e1lisis cerebral\",\"datePublished\":\"2019-07-11T11:04:55+00:00\",\"dateModified\":\"2020-09-17T10:24:08+00:00\",\"mainEntityOfPage\":{\"@id\":\"https:\\\/\\\/www.insuit.net\\\/es\\\/asociacion-valenciana-ayuda-paralisis-cerebral-insuit\\\/\"},\"wordCount\":318,\"image\":{\"@id\":\"https:\\\/\\\/www.insuit.net\\\/es\\\/asociacion-valenciana-ayuda-paralisis-cerebral-insuit\\\/#primaryimage\"},\"thumbnailUrl\":\"https:\\\/\\\/www.insuit.net\\\/wp-content\\\/uploads\\\/2019\\\/07\\\/cp-early-intervention-logo-400x300-1.jpg\",\"articleSection\":[\"Noticias es\"],\"inLanguage\":\"es\"},{\"@type\":\"WebPage\",\"@id\":\"https:\\\/\\\/www.insuit.net\\\/es\\\/asociacion-valenciana-ayuda-paralisis-cerebral-insuit\\\/\",\"url\":\"https:\\\/\\\/www.insuit.net\\\/es\\\/asociacion-valenciana-ayuda-paralisis-cerebral-insuit\\\/\",\"name\":\"La Asociaci\u00f3n Valenciana de Ayuda a la Par\u00e1lisis Cerebral e inSuit siguen construyendo un mejor futuro para los ni\u00f1os con par\u00e1lisis cerebral - inSuit\",\"isPartOf\":{\"@id\":\"https:\\\/\\\/www.insuit.net\\\/es\\\/#website\"},\"primaryImageOfPage\":{\"@id\":\"https:\\\/\\\/www.insuit.net\\\/es\\\/asociacion-valenciana-ayuda-paralisis-cerebral-insuit\\\/#primaryimage\"},\"image\":{\"@id\":\"https:\\\/\\\/www.insuit.net\\\/es\\\/asociacion-valenciana-ayuda-paralisis-cerebral-insuit\\\/#primaryimage\"},\"thumbnailUrl\":\"https:\\\/\\\/www.insuit.net\\\/wp-content\\\/uploads\\\/2019\\\/07\\\/cp-early-intervention-logo-400x300-1.jpg\",\"datePublished\":\"2019-07-11T11:04:55+00:00\",\"dateModified\":\"2020-09-17T10:24:08+00:00\",\"author\":{\"@id\":\"https:\\\/\\\/www.insuit.net\\\/es\\\/#\\\/schema\\\/person\\\/3b8435a385b08397ca93f8733d132477\"},\"breadcrumb\":{\"@id\":\"https:\\\/\\\/www.insuit.net\\\/es\\\/asociacion-valenciana-ayuda-paralisis-cerebral-insuit\\\/#breadcrumb\"},\"inLanguage\":\"es\",\"potentialAction\":[{\"@type\":\"ReadAction\",\"target\":[\"https:\\\/\\\/www.insuit.net\\\/es\\\/asociacion-valenciana-ayuda-paralisis-cerebral-insuit\\\/\"]}]},{\"@type\":\"ImageObject\",\"inLanguage\":\"es\",\"@id\":\"https:\\\/\\\/www.insuit.net\\\/es\\\/asociacion-valenciana-ayuda-paralisis-cerebral-insuit\\\/#primaryimage\",\"url\":\"https:\\\/\\\/www.insuit.net\\\/wp-content\\\/uploads\\\/2019\\\/07\\\/cp-early-intervention-logo-400x300-1.jpg\",\"contentUrl\":\"https:\\\/\\\/www.insuit.net\\\/wp-content\\\/uploads\\\/2019\\\/07\\\/cp-early-intervention-logo-400x300-1.jpg\",\"width\":400,\"height\":300,\"caption\":\"logo de cp early intervention\"},{\"@type\":\"BreadcrumbList\",\"@id\":\"https:\\\/\\\/www.insuit.net\\\/es\\\/asociacion-valenciana-ayuda-paralisis-cerebral-insuit\\\/#breadcrumb\",\"itemListElement\":[{\"@type\":\"ListItem\",\"position\":1,\"name\":\"Home\",\"item\":\"https:\\\/\\\/www.insuit.net\\\/es\\\/\"},{\"@type\":\"ListItem\",\"position\":2,\"name\":\"La Asociaci\u00f3n Valenciana de Ayuda a la Par\u00e1lisis Cerebral e inSuit siguen construyendo un mejor futuro para los ni\u00f1os con par\u00e1lisis cerebral\"}]},{\"@type\":\"WebSite\",\"@id\":\"https:\\\/\\\/www.insuit.net\\\/es\\\/#website\",\"url\":\"https:\\\/\\\/www.insuit.net\\\/es\\\/\",\"name\":\"inSuit\",\"description\":\"Accesibilidad web para personas con discapacidad\",\"potentialAction\":[{\"@type\":\"SearchAction\",\"target\":{\"@type\":\"EntryPoint\",\"urlTemplate\":\"https:\\\/\\\/www.insuit.net\\\/es\\\/?s={search_term_string}\"},\"query-input\":{\"@type\":\"PropertyValueSpecification\",\"valueRequired\":true,\"valueName\":\"search_term_string\"}}],\"inLanguage\":\"es\"},{\"@type\":\"Person\",\"@id\":\"https:\\\/\\\/www.insuit.net\\\/es\\\/#\\\/schema\\\/person\\\/3b8435a385b08397ca93f8733d132477\",\"name\":\"inSuit\",\"image\":{\"@type\":\"ImageObject\",\"inLanguage\":\"es\",\"@id\":\"https:\\\/\\\/secure.gravatar.com\\\/avatar\\\/b731c7002353de0c18a2950e1b1f7152a3fc02185337e315c14a3df52e4106c7?s=96&d=mm&r=g\",\"url\":\"https:\\\/\\\/secure.gravatar.com\\\/avatar\\\/b731c7002353de0c18a2950e1b1f7152a3fc02185337e315c14a3df52e4106c7?s=96&d=mm&r=g\",\"contentUrl\":\"https:\\\/\\\/secure.gravatar.com\\\/avatar\\\/b731c7002353de0c18a2950e1b1f7152a3fc02185337e315c14a3df52e4106c7?s=96&d=mm&r=g\",\"caption\":\"inSuit\"},\"url\":\"https:\\\/\\\/www.insuit.net\\\/es\\\/author\\\/daas\\\/\"}]}<\/script>\n<!-- \/ Yoast SEO plugin. -->","yoast_head_json":{"title":"La Asociaci\u00f3n Valenciana de Ayuda a la Par\u00e1lisis Cerebral e inSuit siguen construyendo un mejor futuro para los ni\u00f1os con par\u00e1lisis cerebral - inSuit","robots":{"index":"index","follow":"follow","max-snippet":"max-snippet:-1","max-image-preview":"max-image-preview:large","max-video-preview":"max-video-preview:-1"},"canonical":"https:\/\/www.insuit.net\/es\/asociacion-valenciana-ayuda-paralisis-cerebral-insuit\/","og_locale":"es_ES","og_type":"article","og_title":"La Asociaci\u00f3n Valenciana de Ayuda a la Par\u00e1lisis Cerebral e inSuit siguen construyendo un mejor futuro para los ni\u00f1os con par\u00e1lisis cerebral - inSuit","og_description":"Como ya anunciamos a finales de 2018, inSuit es el proveedor tecnol\u00f3gico de la plataforma de e-training para el proyecto europeo liderado por AVAPACE (Asociaci\u00f3n Valenciana de Ayuda a la Par\u00e1lisis Cerebral): \u201cCerebral Palsy \u2013 Early Intervention\u201d (\u201cPar\u00e1lisis Cerebral \u2013 Intervenci\u00f3n Temprana\u201d). Durante todo este a\u00f1o hemos continuado trabajando codo con codo todos los socios [&hellip;]","og_url":"https:\/\/www.insuit.net\/es\/asociacion-valenciana-ayuda-paralisis-cerebral-insuit\/","og_site_name":"inSuit","article_published_time":"2019-07-11T11:04:55+00:00","article_modified_time":"2020-09-17T10:24:08+00:00","og_image":[{"width":400,"height":300,"url":"https:\/\/www.insuit.net\/wp-content\/uploads\/2019\/07\/cp-early-intervention-logo-400x300-1.jpg","type":"image\/jpeg"}],"author":"inSuit","twitter_card":"summary_large_image","twitter_misc":{"Escrito por":"inSuit","Tiempo de lectura":"1 minuto"},"schema":{"@context":"https:\/\/schema.org","@graph":[{"@type":"Article","@id":"https:\/\/www.insuit.net\/es\/asociacion-valenciana-ayuda-paralisis-cerebral-insuit\/#article","isPartOf":{"@id":"https:\/\/www.insuit.net\/es\/asociacion-valenciana-ayuda-paralisis-cerebral-insuit\/"},"author":{"name":"inSuit","@id":"https:\/\/www.insuit.net\/es\/#\/schema\/person\/3b8435a385b08397ca93f8733d132477"},"headline":"La Asociaci\u00f3n Valenciana de Ayuda a la Par\u00e1lisis Cerebral e inSuit siguen construyendo un mejor futuro para los ni\u00f1os con par\u00e1lisis cerebral","datePublished":"2019-07-11T11:04:55+00:00","dateModified":"2020-09-17T10:24:08+00:00","mainEntityOfPage":{"@id":"https:\/\/www.insuit.net\/es\/asociacion-valenciana-ayuda-paralisis-cerebral-insuit\/"},"wordCount":318,"image":{"@id":"https:\/\/www.insuit.net\/es\/asociacion-valenciana-ayuda-paralisis-cerebral-insuit\/#primaryimage"},"thumbnailUrl":"https:\/\/www.insuit.net\/wp-content\/uploads\/2019\/07\/cp-early-intervention-logo-400x300-1.jpg","articleSection":["Noticias es"],"inLanguage":"es"},{"@type":"WebPage","@id":"https:\/\/www.insuit.net\/es\/asociacion-valenciana-ayuda-paralisis-cerebral-insuit\/","url":"https:\/\/www.insuit.net\/es\/asociacion-valenciana-ayuda-paralisis-cerebral-insuit\/","name":"La Asociaci\u00f3n Valenciana de Ayuda a la Par\u00e1lisis Cerebral e inSuit siguen construyendo un mejor futuro para los ni\u00f1os con par\u00e1lisis cerebral - inSuit","isPartOf":{"@id":"https:\/\/www.insuit.net\/es\/#website"},"primaryImageOfPage":{"@id":"https:\/\/www.insuit.net\/es\/asociacion-valenciana-ayuda-paralisis-cerebral-insuit\/#primaryimage"},"image":{"@id":"https:\/\/www.insuit.net\/es\/asociacion-valenciana-ayuda-paralisis-cerebral-insuit\/#primaryimage"},"thumbnailUrl":"https:\/\/www.insuit.net\/wp-content\/uploads\/2019\/07\/cp-early-intervention-logo-400x300-1.jpg","datePublished":"2019-07-11T11:04:55+00:00","dateModified":"2020-09-17T10:24:08+00:00","author":{"@id":"https:\/\/www.insuit.net\/es\/#\/schema\/person\/3b8435a385b08397ca93f8733d132477"},"breadcrumb":{"@id":"https:\/\/www.insuit.net\/es\/asociacion-valenciana-ayuda-paralisis-cerebral-insuit\/#breadcrumb"},"inLanguage":"es","potentialAction":[{"@type":"ReadAction","target":["https:\/\/www.insuit.net\/es\/asociacion-valenciana-ayuda-paralisis-cerebral-insuit\/"]}]},{"@type":"ImageObject","inLanguage":"es","@id":"https:\/\/www.insuit.net\/es\/asociacion-valenciana-ayuda-paralisis-cerebral-insuit\/#primaryimage","url":"https:\/\/www.insuit.net\/wp-content\/uploads\/2019\/07\/cp-early-intervention-logo-400x300-1.jpg","contentUrl":"https:\/\/www.insuit.net\/wp-content\/uploads\/2019\/07\/cp-early-intervention-logo-400x300-1.jpg","width":400,"height":300,"caption":"logo de cp early intervention"},{"@type":"BreadcrumbList","@id":"https:\/\/www.insuit.net\/es\/asociacion-valenciana-ayuda-paralisis-cerebral-insuit\/#breadcrumb","itemListElement":[{"@type":"ListItem","position":1,"name":"Home","item":"https:\/\/www.insuit.net\/es\/"},{"@type":"ListItem","position":2,"name":"La Asociaci\u00f3n Valenciana de Ayuda a la Par\u00e1lisis Cerebral e inSuit siguen construyendo un mejor futuro para los ni\u00f1os con par\u00e1lisis cerebral"}]},{"@type":"WebSite","@id":"https:\/\/www.insuit.net\/es\/#website","url":"https:\/\/www.insuit.net\/es\/","name":"inSuit","description":"Accesibilidad web para personas con discapacidad","potentialAction":[{"@type":"SearchAction","target":{"@type":"EntryPoint","urlTemplate":"https:\/\/www.insuit.net\/es\/?s={search_term_string}"},"query-input":{"@type":"PropertyValueSpecification","valueRequired":true,"valueName":"search_term_string"}}],"inLanguage":"es"},{"@type":"Person","@id":"https:\/\/www.insuit.net\/es\/#\/schema\/person\/3b8435a385b08397ca93f8733d132477","name":"inSuit","image":{"@type":"ImageObject","inLanguage":"es","@id":"https:\/\/secure.gravatar.com\/avatar\/b731c7002353de0c18a2950e1b1f7152a3fc02185337e315c14a3df52e4106c7?s=96&d=mm&r=g","url":"https:\/\/secure.gravatar.com\/avatar\/b731c7002353de0c18a2950e1b1f7152a3fc02185337e315c14a3df52e4106c7?s=96&d=mm&r=g","contentUrl":"https:\/\/secure.gravatar.com\/avatar\/b731c7002353de0c18a2950e1b1f7152a3fc02185337e315c14a3df52e4106c7?s=96&d=mm&r=g","caption":"inSuit"},"url":"https:\/\/www.insuit.net\/es\/author\/daas\/"}]}},"_links":{"self":[{"href":"https:\/\/www.insuit.net\/es\/wp-json\/wp\/v2\/posts\/1060","targetHints":{"allow":["GET"]}}],"collection":[{"href":"https:\/\/www.insuit.net\/es\/wp-json\/wp\/v2\/posts"}],"about":[{"href":"https:\/\/www.insuit.net\/es\/wp-json\/wp\/v2\/types\/post"}],"author":[{"embeddable":true,"href":"https:\/\/www.insuit.net\/es\/wp-json\/wp\/v2\/users\/4"}],"replies":[{"embeddable":true,"href":"https:\/\/www.insuit.net\/es\/wp-json\/wp\/v2\/comments?post=1060"}],"version-history":[{"count":2,"href":"https:\/\/www.insuit.net\/es\/wp-json\/wp\/v2\/posts\/1060\/revisions"}],"predecessor-version":[{"id":3129,"href":"https:\/\/www.insuit.net\/es\/wp-json\/wp\/v2\/posts\/1060\/revisions\/3129"}],"wp:featuredmedia":[{"embeddable":true,"href":"https:\/\/www.insuit.net\/es\/wp-json\/wp\/v2\/media\/1882"}],"wp:attachment":[{"href":"https:\/\/www.insuit.net\/es\/wp-json\/wp\/v2\/media?parent=1060"}],"wp:term":[{"taxonomy":"category","embeddable":true,"href":"https:\/\/www.insuit.net\/es\/wp-json\/wp\/v2\/categories?post=1060"},{"taxonomy":"post_tag","embeddable":true,"href":"https:\/\/www.insuit.net\/es\/wp-json\/wp\/v2\/tags?post=1060"}],"curies":[{"name":"wp","href":"https:\/\/api.w.org\/{rel}","templated":true}]}}